{"id":149,"date":"2023-01-23T14:54:00","date_gmt":"2023-01-23T14:54:00","guid":{"rendered":"https:\/\/atacamas.cl\/atc\/?p=149"},"modified":"2023-02-07T14:59:16","modified_gmt":"2023-02-07T14:59:16","slug":"detienen-a-sujeto-que-robo-en-casa-de-el-salvador","status":"publish","type":"post","link":"https:\/\/atacamas.cl\/atc\/detienen-a-sujeto-que-robo-en-casa-de-el-salvador\/","title":{"rendered":"Detienen a Sujeto que Rob\u00f3 en Casa de El Salvador"},"content":{"rendered":"\n<p>Gracias a una responsable detenci\u00f3n ciudadana y el oportuno arribo de Carabineros de la Cuarta Comisar\u00eda de El Salvador, se logr\u00f3 la detenci\u00f3n de un sujeto de 27 a\u00f1os sindicado como autor de un robo que afect\u00f3 a un domicilio de dicha localidad minera.<\/p>\n\n\n\n<p>De acuerdo a informaci\u00f3n de Carabineros, el sujeto fue puesto a disposici\u00f3n de Tribunales.<\/p>\n","protected":false},"excerpt":{"rendered":"<p>Gracias a una responsable detenci\u00f3n ciudadana y el oportuno arribo de Carabineros de la Cuarta<\/p>\n","protected":false},"author":2,"featured_media":150,"comment_status":"open","ping_status":"open","sticky":false,"template":"","format":"standard","meta":{"_acf_changed":false,"footnotes":""},"categories":[5],"tags":[],"class_list":["post-149","post","type-post","status-publish","format-standard","has-post-thumbnail","hentry","category-policial"],"acf":[],"_links":{"self":[{"href":"https:\/\/atacamas.cl\/atc\/wp-json\/wp\/v2\/posts\/149","targetHints":{"allow":["GET"]}}],"collection":[{"href":"https:\/\/atacamas.cl\/atc\/wp-json\/wp\/v2\/posts"}],"about":[{"href":"https:\/\/atacamas.cl\/atc\/wp-json\/wp\/v2\/types\/post"}],"author":[{"embeddable":true,"href":"https:\/\/atacamas.cl\/atc\/wp-json\/wp\/v2\/users\/2"}],"replies":[{"embeddable":true,"href":"https:\/\/atacamas.cl\/atc\/wp-json\/wp\/v2\/comments?post=149"}],"version-history":[{"count":0,"href":"https:\/\/atacamas.cl\/atc\/wp-json\/wp\/v2\/posts\/149\/revisions"}],"wp:featuredmedia":[{"embeddable":true,"href":"https:\/\/atacamas.cl\/atc\/wp-json\/wp\/v2\/media\/150"}],"wp:attachment":[{"href":"https:\/\/atacamas.cl\/atc\/wp-json\/wp\/v2\/media?parent=149"}],"wp:term":[{"taxonomy":"category","embeddable":true,"href":"https:\/\/atacamas.cl\/atc\/wp-json\/wp\/v2\/categories?post=149"},{"taxonomy":"post_tag","embeddable":true,"href":"https:\/\/atacamas.cl\/atc\/wp-json\/wp\/v2\/tags?post=149"}],"curies":[{"name":"wp","href":"https:\/\/api.w.org\/{rel}","templated":true}]}}