{"id":159,"date":"2023-01-27T18:00:00","date_gmt":"2023-01-27T18:00:00","guid":{"rendered":"https:\/\/atacamas.cl\/atc\/?p=159"},"modified":"2023-02-07T16:05:24","modified_gmt":"2023-02-07T16:05:24","slug":"se-confirma-derrame-de-queroseno-en-bahia-de-caldera","status":"publish","type":"post","link":"https:\/\/atacamas.cl\/atc\/se-confirma-derrame-de-queroseno-en-bahia-de-caldera\/","title":{"rendered":"Se Confirma Derrame de Queroseno en Bah\u00eda de Caldera"},"content":{"rendered":"\n<p>En horas de la tarde del viernes 27 de enero, la Municipalidad de Caldera denunci\u00f3 el derrame de queroseno en la bah\u00eda.<\/p>\n\n\n\n<p>Esta grave situaci\u00f3n involucr\u00f3 al Buque Angamos, perteneciente a la empresa Ultranav, el que estando recalado frente a los estanques de COPEC, habr\u00eda derramado la sustancia.<\/p>\n\n\n\n<p>El hecho ya hab\u00eda sido advertido por pescadores y posteriormente confirmado por informes qu\u00edmicos de la Capitan\u00eda de Puerto, los que indican que se trata de queroseno, elemento utilizado para vuelos de aviones.<\/p>\n\n\n\n<p>El Municipio de Caldera, por medio de un Comunicado, indic\u00f3 que realizaron la denuncia en la Fiscal\u00eda y solicitaron que el buque salga lo antes posible de la bah\u00eda de Caldera.<\/p>\n\n\n\n<p>Esta tarde, la alcaldesa Brunilda Gonz\u00e1lez, acompa\u00f1ada del director de Medio Ambiente y el equipo de fiscalizaci\u00f3n DIMAO, se encontraban recorriendo el sector donde se produjo el derrame.<\/p>\n","protected":false},"excerpt":{"rendered":"<p>En horas de la tarde del viernes 27 de enero, la Municipalidad de Caldera denunci\u00f3<\/p>\n","protected":false},"author":2,"featured_media":161,"comment_status":"open","ping_status":"open","sticky":false,"template":"","format":"standard","meta":{"_acf_changed":false,"footnotes":""},"categories":[14],"tags":[],"class_list":["post-159","post","type-post","status-publish","format-standard","has-post-thumbnail","hentry","category-breakingnews"],"acf":[],"_links":{"self":[{"href":"https:\/\/atacamas.cl\/atc\/wp-json\/wp\/v2\/posts\/159","targetHints":{"allow":["GET"]}}],"collection":[{"href":"https:\/\/atacamas.cl\/atc\/wp-json\/wp\/v2\/posts"}],"about":[{"href":"https:\/\/atacamas.cl\/atc\/wp-json\/wp\/v2\/types\/post"}],"author":[{"embeddable":true,"href":"https:\/\/atacamas.cl\/atc\/wp-json\/wp\/v2\/users\/2"}],"replies":[{"embeddable":true,"href":"https:\/\/atacamas.cl\/atc\/wp-json\/wp\/v2\/comments?post=159"}],"version-history":[{"count":0,"href":"https:\/\/atacamas.cl\/atc\/wp-json\/wp\/v2\/posts\/159\/revisions"}],"wp:featuredmedia":[{"embeddable":true,"href":"https:\/\/atacamas.cl\/atc\/wp-json\/wp\/v2\/media\/161"}],"wp:attachment":[{"href":"https:\/\/atacamas.cl\/atc\/wp-json\/wp\/v2\/media?parent=159"}],"wp:term":[{"taxonomy":"category","embeddable":true,"href":"https:\/\/atacamas.cl\/atc\/wp-json\/wp\/v2\/categories?post=159"},{"taxonomy":"post_tag","embeddable":true,"href":"https:\/\/atacamas.cl\/atc\/wp-json\/wp\/v2\/tags?post=159"}],"curies":[{"name":"wp","href":"https:\/\/api.w.org\/{rel}","templated":true}]}}