{"id":162,"date":"2023-02-02T16:14:28","date_gmt":"2023-02-02T16:14:28","guid":{"rendered":"https:\/\/atacamas.cl\/atc\/?p=162"},"modified":"2023-02-07T16:16:23","modified_gmt":"2023-02-07T16:16:23","slug":"trabajadores-de-belaz-movitec-bloquean-acceso-a-el-salvador","status":"publish","type":"post","link":"https:\/\/atacamas.cl\/atc\/trabajadores-de-belaz-movitec-bloquean-acceso-a-el-salvador\/","title":{"rendered":"Trabajadores de Belaz Movitec Bloquean Acceso a El Salvador"},"content":{"rendered":"\n<p>Trabajadores del Consorcio Belaz Movitec se encuentran movilizados en la ruta de acceso a El Salvador, exigiendo el pago de sus finiquitos producto del t\u00e9rmino anticipado de contrato que hizo la empresa mandante Codelco Salvador.<\/p>\n\n\n\n<p>En el mismo lugar de la manifestaci\u00f3n, los trabajadores y dirigentes dialogaron con representantes de Codelco Salvador, quienes comprometieron una reuni\u00f3n de urgencia para dar soluci\u00f3n a las demandas de estos trabajadores y permitir el desbloqueo de la ruta.<\/p>\n\n\n\n<p>Juan Lucero, director del SINTEC Chile y trabajador de la empresa Belaz Movitec, en dialogo con ATACAM\u00c1S, indic\u00f3 que \u201cnos acaban de cortar el contrato, afectado a 700 trabajadores sin previo aviso. Ahora llegan y nos echan a la calle como perros, sin dignidad, sin nada. Por eso hemos decidido movilizarnos y mostrar nuestro descontento, por todo el desprestigio que han hecho de nosotros, incluso en la prensa. Lo m\u00e1s importante es la dignidad de las personas y no nos moveremos hasta lograr una soluci\u00f3n inmediata\u201d, concluy\u00f3.<\/p>\n\n\n\n<p>Hasta el cierre de este informe, s\u00f3lo se permit\u00eda el tr\u00e1nsito de veh\u00edculos particulares. Cabe destacar que la empresa Belaz Movitec estaba a cargo de las obras de prestripping y construcci\u00f3n de caminos del proyecto Rajo Inca.<\/p>\n\n\n\n<p>Entre las principales razones para poner t\u00e9rmino anticipado del contrato, se indic\u00f3 el atraso en las obras, incumplimiento en estipulaciones contractuales, as\u00ed como tambi\u00e9n las disposiciones legales y reglamentarias vigentes en materia de seguridad. El accidente fatal ocurrido en julio de 2022, que cost\u00f3 la vida de un trabajador, tambi\u00e9n habr\u00eda influido en esta situaci\u00f3n.<\/p>\n","protected":false},"excerpt":{"rendered":"<p>Trabajadores del Consorcio Belaz Movitec se encuentran movilizados en la ruta de acceso a El<\/p>\n","protected":false},"author":2,"featured_media":165,"comment_status":"open","ping_status":"open","sticky":false,"template":"","format":"standard","meta":{"_acf_changed":false,"footnotes":""},"categories":[14],"tags":[],"class_list":["post-162","post","type-post","status-publish","format-standard","has-post-thumbnail","hentry","category-breakingnews"],"acf":[],"_links":{"self":[{"href":"https:\/\/atacamas.cl\/atc\/wp-json\/wp\/v2\/posts\/162","targetHints":{"allow":["GET"]}}],"collection":[{"href":"https:\/\/atacamas.cl\/atc\/wp-json\/wp\/v2\/posts"}],"about":[{"href":"https:\/\/atacamas.cl\/atc\/wp-json\/wp\/v2\/types\/post"}],"author":[{"embeddable":true,"href":"https:\/\/atacamas.cl\/atc\/wp-json\/wp\/v2\/users\/2"}],"replies":[{"embeddable":true,"href":"https:\/\/atacamas.cl\/atc\/wp-json\/wp\/v2\/comments?post=162"}],"version-history":[{"count":0,"href":"https:\/\/atacamas.cl\/atc\/wp-json\/wp\/v2\/posts\/162\/revisions"}],"wp:featuredmedia":[{"embeddable":true,"href":"https:\/\/atacamas.cl\/atc\/wp-json\/wp\/v2\/media\/165"}],"wp:attachment":[{"href":"https:\/\/atacamas.cl\/atc\/wp-json\/wp\/v2\/media?parent=162"}],"wp:term":[{"taxonomy":"category","embeddable":true,"href":"https:\/\/atacamas.cl\/atc\/wp-json\/wp\/v2\/categories?post=162"},{"taxonomy":"post_tag","embeddable":true,"href":"https:\/\/atacamas.cl\/atc\/wp-json\/wp\/v2\/tags?post=162"}],"curies":[{"name":"wp","href":"https:\/\/api.w.org\/{rel}","templated":true}]}}