{"id":175,"date":"2023-02-15T23:07:00","date_gmt":"2023-02-15T23:07:00","guid":{"rendered":"https:\/\/atacamas.cl\/atc\/?p=175"},"modified":"2023-03-07T23:10:23","modified_gmt":"2023-03-07T23:10:23","slug":"decretan-cierre-temporal-de-playa-la-virgen-por-fragata-portuguesa","status":"publish","type":"post","link":"https:\/\/atacamas.cl\/atc\/decretan-cierre-temporal-de-playa-la-virgen-por-fragata-portuguesa\/","title":{"rendered":"Decretan Cierre Temporal de Playa La Virgen por Fragata Portuguesa"},"content":{"rendered":"\n<p>Tras el avistamiento de ocho ejemplares de Fragata Portuguesa, la Seremi de Salud de Atacama decret\u00f3 hoy 15 de febrero, la prohibici\u00f3n de ba\u00f1o y de actividades recreativas en Playa La Virgen.<\/p>\n","protected":false},"excerpt":{"rendered":"<p>Tras el avistamiento de ocho ejemplares de Fragata Portuguesa, la Seremi de Salud de Atacama<\/p>\n","protected":false},"author":2,"featured_media":176,"comment_status":"open","ping_status":"open","sticky":false,"template":"","format":"standard","meta":{"_acf_changed":false,"footnotes":""},"categories":[14],"tags":[],"class_list":["post-175","post","type-post","status-publish","format-standard","has-post-thumbnail","hentry","category-breakingnews"],"acf":[],"_links":{"self":[{"href":"https:\/\/atacamas.cl\/atc\/wp-json\/wp\/v2\/posts\/175","targetHints":{"allow":["GET"]}}],"collection":[{"href":"https:\/\/atacamas.cl\/atc\/wp-json\/wp\/v2\/posts"}],"about":[{"href":"https:\/\/atacamas.cl\/atc\/wp-json\/wp\/v2\/types\/post"}],"author":[{"embeddable":true,"href":"https:\/\/atacamas.cl\/atc\/wp-json\/wp\/v2\/users\/2"}],"replies":[{"embeddable":true,"href":"https:\/\/atacamas.cl\/atc\/wp-json\/wp\/v2\/comments?post=175"}],"version-history":[{"count":0,"href":"https:\/\/atacamas.cl\/atc\/wp-json\/wp\/v2\/posts\/175\/revisions"}],"wp:featuredmedia":[{"embeddable":true,"href":"https:\/\/atacamas.cl\/atc\/wp-json\/wp\/v2\/media\/176"}],"wp:attachment":[{"href":"https:\/\/atacamas.cl\/atc\/wp-json\/wp\/v2\/media?parent=175"}],"wp:term":[{"taxonomy":"category","embeddable":true,"href":"https:\/\/atacamas.cl\/atc\/wp-json\/wp\/v2\/categories?post=175"},{"taxonomy":"post_tag","embeddable":true,"href":"https:\/\/atacamas.cl\/atc\/wp-json\/wp\/v2\/tags?post=175"}],"curies":[{"name":"wp","href":"https:\/\/api.w.org\/{rel}","templated":true}]}}