{"id":195,"date":"2023-03-02T00:58:21","date_gmt":"2023-03-02T00:58:21","guid":{"rendered":"https:\/\/atacamas.cl\/atc\/?p=195"},"modified":"2023-03-08T01:06:30","modified_gmt":"2023-03-08T01:06:30","slug":"aun-queda-verano-en-caldera","status":"publish","type":"post","link":"https:\/\/atacamas.cl\/atc\/aun-queda-verano-en-caldera\/","title":{"rendered":"\u00a1A\u00fan Queda Verano en Caldera!"},"content":{"rendered":"\n<p>Con un gran show encabezado por Mar\u00eda Jos\u00e9 Quintanilla y el Grupo Alegr\u00eda, Caldera cerrar\u00e1 este s\u00e1bado 4 de marzo, sus actividades del Verano 2023.<\/p>\n\n\n\n<p>La cita es en Playa Mansa, desde las 20:00 horas, lugar donde tambi\u00e9n se presentar\u00e1n Los Dumont&#8217;s, La \u00daltima Karta, El Jalcarity, K-Lizo y muchas sorpresas m\u00e1s.<\/p>\n","protected":false},"excerpt":{"rendered":"<p>Con un gran show encabezado por Mar\u00eda Jos\u00e9 Quintanilla y el Grupo Alegr\u00eda, Caldera cerrar\u00e1<\/p>\n","protected":false},"author":2,"featured_media":196,"comment_status":"open","ping_status":"open","sticky":false,"template":"","format":"standard","meta":{"_acf_changed":false,"footnotes":""},"categories":[7],"tags":[],"class_list":["post-195","post","type-post","status-publish","format-standard","has-post-thumbnail","hentry","category-miscelaneo"],"acf":[],"_links":{"self":[{"href":"https:\/\/atacamas.cl\/atc\/wp-json\/wp\/v2\/posts\/195","targetHints":{"allow":["GET"]}}],"collection":[{"href":"https:\/\/atacamas.cl\/atc\/wp-json\/wp\/v2\/posts"}],"about":[{"href":"https:\/\/atacamas.cl\/atc\/wp-json\/wp\/v2\/types\/post"}],"author":[{"embeddable":true,"href":"https:\/\/atacamas.cl\/atc\/wp-json\/wp\/v2\/users\/2"}],"replies":[{"embeddable":true,"href":"https:\/\/atacamas.cl\/atc\/wp-json\/wp\/v2\/comments?post=195"}],"version-history":[{"count":0,"href":"https:\/\/atacamas.cl\/atc\/wp-json\/wp\/v2\/posts\/195\/revisions"}],"wp:featuredmedia":[{"embeddable":true,"href":"https:\/\/atacamas.cl\/atc\/wp-json\/wp\/v2\/media\/196"}],"wp:attachment":[{"href":"https:\/\/atacamas.cl\/atc\/wp-json\/wp\/v2\/media?parent=195"}],"wp:term":[{"taxonomy":"category","embeddable":true,"href":"https:\/\/atacamas.cl\/atc\/wp-json\/wp\/v2\/categories?post=195"},{"taxonomy":"post_tag","embeddable":true,"href":"https:\/\/atacamas.cl\/atc\/wp-json\/wp\/v2\/tags?post=195"}],"curies":[{"name":"wp","href":"https:\/\/api.w.org\/{rel}","templated":true}]}}