{"id":201,"date":"2023-03-04T01:38:11","date_gmt":"2023-03-04T01:38:11","guid":{"rendered":"https:\/\/atacamas.cl\/atc\/?p=201"},"modified":"2023-03-08T01:43:41","modified_gmt":"2023-03-08T01:43:41","slug":"no-es-un-capitulo-de-iorana-descubren-un-nuevo-moai-en-crater-del-volcan-rano-raraku","status":"publish","type":"post","link":"https:\/\/atacamas.cl\/atc\/no-es-un-capitulo-de-iorana-descubren-un-nuevo-moai-en-crater-del-volcan-rano-raraku\/","title":{"rendered":"No es un Cap\u00edtulo de IORANA: Descubren Un Nuevo Moai en Cr\u00e1ter del Volc\u00e1n Rano Raraku"},"content":{"rendered":"\n<p>Investigadores acaban de anunciar el descubrimiento de un nuevo moai en el cr\u00e1ter seco del volc\u00e1n Rano Raraku, en Rapa Nui.<\/p>\n\n\n\n<p>Seg\u00fan el relato de los isle\u00f1os, nadie sab\u00eda de su existencia, hasta ahora.<\/p>\n\n\n\n<p>El increible hallazgo se produjo debido a las labores de limpieza y estudios que se est\u00e1n desarrollando en el lugar, a causa del gran incendio forestal que afect\u00f3 a la isla en octubre pasado.<\/p>\n\n\n\n<p>Los arque\u00f3logos se\u00f1alan que si se contin\u00faa explorando ese lago, que comenz\u00f3 a secarse hace solo un par de a\u00f1os, lo m\u00e1s probable es que encuentren m\u00e1s estatuas de este tipo.<\/p>\n\n\n\n<p>\u00bfSab\u00edas que pese a pertenecer a la Regi\u00f3n de Valpara\u00edso, Rapa Nui geogr\u00e1ficamente se ubica justo al frente de Caldera? (A 3.700 kms).<\/p>\n\n\n\n<p>Im\u00e1genes\/Noticiero Parau &#8216;Api (Rapa Nui)<\/p>\n","protected":false},"excerpt":{"rendered":"<p>Investigadores acaban de anunciar el descubrimiento de un nuevo moai en el cr\u00e1ter seco del<\/p>\n","protected":false},"author":2,"featured_media":203,"comment_status":"open","ping_status":"open","sticky":false,"template":"","format":"standard","meta":{"_acf_changed":false,"footnotes":""},"categories":[7],"tags":[],"class_list":["post-201","post","type-post","status-publish","format-standard","has-post-thumbnail","hentry","category-miscelaneo"],"acf":[],"_links":{"self":[{"href":"https:\/\/atacamas.cl\/atc\/wp-json\/wp\/v2\/posts\/201","targetHints":{"allow":["GET"]}}],"collection":[{"href":"https:\/\/atacamas.cl\/atc\/wp-json\/wp\/v2\/posts"}],"about":[{"href":"https:\/\/atacamas.cl\/atc\/wp-json\/wp\/v2\/types\/post"}],"author":[{"embeddable":true,"href":"https:\/\/atacamas.cl\/atc\/wp-json\/wp\/v2\/users\/2"}],"replies":[{"embeddable":true,"href":"https:\/\/atacamas.cl\/atc\/wp-json\/wp\/v2\/comments?post=201"}],"version-history":[{"count":0,"href":"https:\/\/atacamas.cl\/atc\/wp-json\/wp\/v2\/posts\/201\/revisions"}],"wp:featuredmedia":[{"embeddable":true,"href":"https:\/\/atacamas.cl\/atc\/wp-json\/wp\/v2\/media\/203"}],"wp:attachment":[{"href":"https:\/\/atacamas.cl\/atc\/wp-json\/wp\/v2\/media?parent=201"}],"wp:term":[{"taxonomy":"category","embeddable":true,"href":"https:\/\/atacamas.cl\/atc\/wp-json\/wp\/v2\/categories?post=201"},{"taxonomy":"post_tag","embeddable":true,"href":"https:\/\/atacamas.cl\/atc\/wp-json\/wp\/v2\/tags?post=201"}],"curies":[{"name":"wp","href":"https:\/\/api.w.org\/{rel}","templated":true}]}}