{"id":213,"date":"2023-03-05T14:30:00","date_gmt":"2023-03-05T14:30:00","guid":{"rendered":"https:\/\/atacamas.cl\/atc\/?p=213"},"modified":"2023-03-08T02:13:37","modified_gmt":"2023-03-08T02:13:37","slug":"muere-destacado-sonidista-y-musico-de-diego-de-almagro-habria-sido-asesinado","status":"publish","type":"post","link":"https:\/\/atacamas.cl\/atc\/muere-destacado-sonidista-y-musico-de-diego-de-almagro-habria-sido-asesinado\/","title":{"rendered":"Muere Destacado Sonidista y M\u00fasico de Diego de Almagro: Habr\u00eda Sido Asesinado"},"content":{"rendered":"\n<p>La PDI se encuentra investigando el probable homicidio de una persona que presentaba lesiones cortantes y que fue encontrada esta ma\u00f1ana en cercan\u00edas del Restaurant La Ovallina, en la ruta que une Caldera con Cha\u00f1aral.<\/p>\n\n\n\n<p>La v\u00edctima fue identificada como Pablo Ega\u00f1a Tabilo (Q.E.P.D.), reconocido m\u00fasico y sonidista de Diego de Almagro, quien seg\u00fan cercanos estuvo trabajando anoche en el show de Cierre del Verano de Caldera y que probablemente se estaba desplazando hasta Diego de Almagro.<\/p>\n\n\n\n<p>La Fiscal\u00eda de Atacama inform\u00f3 que contin\u00faan las diligencias para identificar al o los responsables de este brutal crimen.<\/p>\n","protected":false},"excerpt":{"rendered":"<p>La PDI se encuentra investigando el probable homicidio de una persona que presentaba lesiones cortantes<\/p>\n","protected":false},"author":2,"featured_media":214,"comment_status":"open","ping_status":"open","sticky":false,"template":"","format":"standard","meta":{"_acf_changed":false,"footnotes":""},"categories":[5],"tags":[],"class_list":["post-213","post","type-post","status-publish","format-standard","has-post-thumbnail","hentry","category-policial"],"acf":[],"_links":{"self":[{"href":"https:\/\/atacamas.cl\/atc\/wp-json\/wp\/v2\/posts\/213","targetHints":{"allow":["GET"]}}],"collection":[{"href":"https:\/\/atacamas.cl\/atc\/wp-json\/wp\/v2\/posts"}],"about":[{"href":"https:\/\/atacamas.cl\/atc\/wp-json\/wp\/v2\/types\/post"}],"author":[{"embeddable":true,"href":"https:\/\/atacamas.cl\/atc\/wp-json\/wp\/v2\/users\/2"}],"replies":[{"embeddable":true,"href":"https:\/\/atacamas.cl\/atc\/wp-json\/wp\/v2\/comments?post=213"}],"version-history":[{"count":0,"href":"https:\/\/atacamas.cl\/atc\/wp-json\/wp\/v2\/posts\/213\/revisions"}],"wp:featuredmedia":[{"embeddable":true,"href":"https:\/\/atacamas.cl\/atc\/wp-json\/wp\/v2\/media\/214"}],"wp:attachment":[{"href":"https:\/\/atacamas.cl\/atc\/wp-json\/wp\/v2\/media?parent=213"}],"wp:term":[{"taxonomy":"category","embeddable":true,"href":"https:\/\/atacamas.cl\/atc\/wp-json\/wp\/v2\/categories?post=213"},{"taxonomy":"post_tag","embeddable":true,"href":"https:\/\/atacamas.cl\/atc\/wp-json\/wp\/v2\/tags?post=213"}],"curies":[{"name":"wp","href":"https:\/\/api.w.org\/{rel}","templated":true}]}}