{"id":220,"date":"2023-03-09T20:40:20","date_gmt":"2023-03-09T20:40:20","guid":{"rendered":"https:\/\/atacamas.cl\/atc\/?p=220"},"modified":"2023-03-09T21:14:00","modified_gmt":"2023-03-09T21:14:00","slug":"en-prision-los-3-imputados-por-crimen-de-pablo-egana","status":"publish","type":"post","link":"https:\/\/atacamas.cl\/atc\/en-prision-los-3-imputados-por-crimen-de-pablo-egana\/","title":{"rendered":"En Prisi\u00f3n los Tres Imputados por Crimen de Pablo Ega\u00f1a"},"content":{"rendered":"\n<p>Esta ma\u00f1ana se realiz\u00f3 en Caldera la audiencia de formalizaci\u00f3n de cargos de los involucrados en el crimen del m\u00fasico y sonidista de Diego de Almagro Pablo Ega\u00f1a Tabilo, hecho ocurrido este domingo 5 de marzo en la ruta 5 Norte, en cercan\u00edas de \u201cLa Ovallina\u201d.<\/p>\n\n\n\n<p>Durante la audiencia, se decret\u00f3 la prisi\u00f3n preventiva de dos adultos y la internaci\u00f3n provisoria del adolescente, todos de nacionalidad chilena, quienes permanecer\u00e1n privados de libertad durante el plazo que se extienda la investigaci\u00f3n de este caso previo a la audiencia de Juicio Oral.<\/p>\n\n\n\n<p>Cabe destacar que la Fiscal\u00eda Local de Caldera y la Brigada de Homicidios, reunieron las evidencias y medios de prueba que permitieron acreditar la comisi\u00f3n de este grave delito y argumentar la participaci\u00f3n individual de los imputados, quienes son investigados por su participaci\u00f3n en los delitos de receptaci\u00f3n de veh\u00edculo motorizado y robo con homicidio.<\/p>\n\n\n\n<p>Seg\u00fan los argumentos de la Fiscal\u00eda, cerca de las 8 de la ma\u00f1ana la v\u00edctima descansaba al interior de su veh\u00edculo, en una zona de estacionamiento a un costado de la carretera, cuando fue abordado por los delincuentes que se desplazaban en un veh\u00edculo con encargo por robo.<\/p>\n\n\n\n<p>Los antecedentes hasta ahora reunidos indican que el objetivo de los detenidos era sustraer el auto de la v\u00edctima, lo que motiv\u00f3 que quebraran el vidrio de la ventana del conductor para luego atacarlo con un arma blanca ocasion\u00e1ndole lesiones.<\/p>\n\n\n\n<p>Luego de ello, los imputados utilizaron la fuerza para bajar al conductor de su veh\u00edculo a quien agredieron con un golpe en su cabeza, momento en que uno de los agresores intent\u00f3 sustraer su auto, mientras sus acompa\u00f1antes abordaron el auto que manten\u00eda encargo por robo. De acuerdo con los antecedentes de esta causa, la v\u00edctima logr\u00f3 incorporarse para evitar la sustracci\u00f3n del m\u00f3vil, instante en que fue atropellado por el auto en que hu\u00edan dos de los agresores y que era conducido por el imputado menor de edad.<\/p>\n\n\n\n<p>Dicha acci\u00f3n le provoc\u00f3 lesiones de gravedad que ocasionaron la muerte de la v\u00edctima minutos despu\u00e9s. Cabe consignar que Pablo Ega\u00f1a Tabilo fue encontrado por personal de Salud de Cha\u00f1aral que pasaba por el lugar, quienes lo atendieron en la ruta para luego trasladarlo hasta un recinto asistencial de Caldera donde se constat\u00f3 su fallecimiento.<\/p>\n\n\n\n<p>Seg\u00fan la Fiscal\u00eda, cerca de las 11 horas los imputados regresaron al lugar que era resguardado por personal de Carabineros, quienes advirtieron la presencia del auto encargado, siendo sus tres ocupantes detenidos.<\/p>\n\n\n\n<p>En la audiencia y considerando la gravedad del delito, la Fiscal\u00eda solicit\u00f3 a la Jueza de turno la prisi\u00f3n preventiva de los adultos y la internaci\u00f3n provisoria del menor de edad. Esto por calificarlos un peligro para la seguridad de la sociedad.<\/p>\n","protected":false},"excerpt":{"rendered":"<p>Esta ma\u00f1ana se realiz\u00f3 en Caldera la audiencia de formalizaci\u00f3n de cargos de los involucrados<\/p>\n","protected":false},"author":2,"featured_media":222,"comment_status":"open","ping_status":"open","sticky":false,"template":"","format":"standard","meta":{"_acf_changed":false,"footnotes":""},"categories":[5],"tags":[],"class_list":["post-220","post","type-post","status-publish","format-standard","has-post-thumbnail","hentry","category-policial"],"acf":[],"_links":{"self":[{"href":"https:\/\/atacamas.cl\/atc\/wp-json\/wp\/v2\/posts\/220","targetHints":{"allow":["GET"]}}],"collection":[{"href":"https:\/\/atacamas.cl\/atc\/wp-json\/wp\/v2\/posts"}],"about":[{"href":"https:\/\/atacamas.cl\/atc\/wp-json\/wp\/v2\/types\/post"}],"author":[{"embeddable":true,"href":"https:\/\/atacamas.cl\/atc\/wp-json\/wp\/v2\/users\/2"}],"replies":[{"embeddable":true,"href":"https:\/\/atacamas.cl\/atc\/wp-json\/wp\/v2\/comments?post=220"}],"version-history":[{"count":0,"href":"https:\/\/atacamas.cl\/atc\/wp-json\/wp\/v2\/posts\/220\/revisions"}],"wp:featuredmedia":[{"embeddable":true,"href":"https:\/\/atacamas.cl\/atc\/wp-json\/wp\/v2\/media\/222"}],"wp:attachment":[{"href":"https:\/\/atacamas.cl\/atc\/wp-json\/wp\/v2\/media?parent=220"}],"wp:term":[{"taxonomy":"category","embeddable":true,"href":"https:\/\/atacamas.cl\/atc\/wp-json\/wp\/v2\/categories?post=220"},{"taxonomy":"post_tag","embeddable":true,"href":"https:\/\/atacamas.cl\/atc\/wp-json\/wp\/v2\/tags?post=220"}],"curies":[{"name":"wp","href":"https:\/\/api.w.org\/{rel}","templated":true}]}}