{"id":239,"date":"2023-03-21T23:48:53","date_gmt":"2023-03-21T23:48:53","guid":{"rendered":"https:\/\/atacamas.cl\/atc\/?p=239"},"modified":"2023-03-21T23:51:48","modified_gmt":"2023-03-21T23:51:48","slug":"corte-de-copiapo-y-colegio-de-abogados-inauguran-exposicion-pictorica-viaje-de-vuelta","status":"publish","type":"post","link":"https:\/\/atacamas.cl\/atc\/corte-de-copiapo-y-colegio-de-abogados-inauguran-exposicion-pictorica-viaje-de-vuelta\/","title":{"rendered":"Corte de Copiap\u00f3 y Colegio de Abogados Inauguran Exposici\u00f3n Pict\u00f3rica \u201cViaje de Vuelta\u201d"},"content":{"rendered":"\n<p>La Corte de Apelaciones de Copiap\u00f3 y el Colegio de Abogados de Atacama, inauguraron la exposici\u00f3n: \u201cViaje de Vuelta\u201d, del profesor copiapino Enrique Jara.<\/p>\n\n\n\n<p>La muestra contempla 60 piezas, realizadas con distintas t\u00e9cnicas, la que estar\u00e1 disponible al p\u00fablico hasta el d\u00eda jueves 6 de abril, en el edificio que acoge al Juzgado de Letras del Trabajo y al Tercer y Cuarto Juzgado de Letras, ubicados en avenida Copayapu 1134, Copiap\u00f3.<\/p>\n\n\n\n<p>El autor de las obras, el profesor Enrique Jara, ejerci\u00f3 la docencia casi por 30 a\u00f1os, en el Liceo Jos\u00e9 Antonio Carvajal, el Liceo de M\u00fasica, el Liceo Cat\u00f3lico y en 2015 emigr\u00f3 de Copiap\u00f3.<\/p>\n\n\n\n<p>\u201cEl traer esta muestra para m\u00ed ha significado un gran trabajo, pero tambi\u00e9n una gran satisfacci\u00f3n porque traigo siete a\u00f1os de pinturas, de grabados y vivencias a la ciudad que me tuvo siempre. Estoy feliz por todo esto, por el reencuentro, por este trabajo, en este viaje de vuelta\u201d, indic\u00f3.<\/p>\n\n\n\n<p>El presidente de la Corte de Copiap\u00f3, Pablo Krumm de Almozara, destac\u00f3 que el Poder Judicial siempre estar\u00e1 dispuesto a acoger a las distintas manifestaciones del arte.<\/p>\n\n\n\n<p>\u201cEl arte forma parte de la vida de una naci\u00f3n, de un pueblo y de una ciudad. Queremos compartir con nuestra ciudad buenas noticias y el arte es una buena noticia; el hecho que nos demos la oportunidad de detenernos unos minutos a reflexionar sobre el sentido de una obra pict\u00f3rica, sobre la belleza que de ella trasciende y sobre lo que quiere expresar el autor, es una oportunidad de dialogar que nos da, precisamente, el arte\u201d, expres\u00f3.<\/p>\n\n\n\n<p>Por su parte el presidente del Colegio de Abogados de Atacama, Patricio Pinto, agradeci\u00f3 el apoyo de la Corte de Apelaciones para concretar la exposici\u00f3n, lo que constituye una forma novedosa de vincularse con la comunidad en un lugar \u2013los tribunales- donde permanentemente acuden los abogados y abogadas para efectuar su trabajo.<\/p>\n\n\n\n<p>\u201cQueremos invitar a la comunidad, a los colegios a que vengan, a que conozcan y aprecien el arte del profesor Enrique Jara, puesto que oportunidades para apreciar el arte en nuestra capital regional no se dan todos los d\u00edas\u201d, dijo.<\/p>\n\n\n\n<p>En la inauguraci\u00f3n de la muestra participaron diversas autoridades, entre ellas el fiscal regional Alexis Rogat; el seremi de Justicia Tom\u00e1s Garay; el comandante del regimiento \u201cCopiap\u00f3\u201d, coronel Bruno Cecconi; el prefecto de Carabineros de Atacama, coronel Cristian Monroy; jueces y juezas, representantes de organismos p\u00fablicos e invitados especiales.<\/p>\n\n\n\n<p>La muestra se mantendr\u00e1 abierta de lunes a viernes entre las 08:00 y 16:00 horas y los s\u00e1bados entre las 09:00 y 13:00 horas.<\/p>\n\n\n\n<p>Las delegaciones de establecimientos educacionales interesadas en acudir a la exposici\u00f3n, pueden coordinarse en el correo electr\u00f3nico&nbsp;<a href=\"mailto:cjangel@pjud.cl\" target=\"_blank\" rel=\"noreferrer noopener\">cjangel@pjud.cl<\/a><\/p>\n","protected":false},"excerpt":{"rendered":"<p>La Corte de Apelaciones de Copiap\u00f3 y el Colegio de Abogados de Atacama, inauguraron la<\/p>\n","protected":false},"author":2,"featured_media":233,"comment_status":"open","ping_status":"open","sticky":false,"template":"","format":"standard","meta":{"_acf_changed":false,"footnotes":""},"categories":[22],"tags":[],"class_list":["post-239","post","type-post","status-publish","format-standard","has-post-thumbnail","hentry","category-cultura"],"acf":[],"_links":{"self":[{"href":"https:\/\/atacamas.cl\/atc\/wp-json\/wp\/v2\/posts\/239","targetHints":{"allow":["GET"]}}],"collection":[{"href":"https:\/\/atacamas.cl\/atc\/wp-json\/wp\/v2\/posts"}],"about":[{"href":"https:\/\/atacamas.cl\/atc\/wp-json\/wp\/v2\/types\/post"}],"author":[{"embeddable":true,"href":"https:\/\/atacamas.cl\/atc\/wp-json\/wp\/v2\/users\/2"}],"replies":[{"embeddable":true,"href":"https:\/\/atacamas.cl\/atc\/wp-json\/wp\/v2\/comments?post=239"}],"version-history":[{"count":0,"href":"https:\/\/atacamas.cl\/atc\/wp-json\/wp\/v2\/posts\/239\/revisions"}],"wp:featuredmedia":[{"embeddable":true,"href":"https:\/\/atacamas.cl\/atc\/wp-json\/wp\/v2\/media\/233"}],"wp:attachment":[{"href":"https:\/\/atacamas.cl\/atc\/wp-json\/wp\/v2\/media?parent=239"}],"wp:term":[{"taxonomy":"category","embeddable":true,"href":"https:\/\/atacamas.cl\/atc\/wp-json\/wp\/v2\/categories?post=239"},{"taxonomy":"post_tag","embeddable":true,"href":"https:\/\/atacamas.cl\/atc\/wp-json\/wp\/v2\/tags?post=239"}],"curies":[{"name":"wp","href":"https:\/\/api.w.org\/{rel}","templated":true}]}}