{"id":260,"date":"2023-03-30T15:25:57","date_gmt":"2023-03-30T15:25:57","guid":{"rendered":"https:\/\/atacamas.cl\/atc\/?p=260"},"modified":"2023-03-30T15:26:26","modified_gmt":"2023-03-30T15:26:26","slug":"presidente-de-la-corte-de-copiapo-se-reunio-con-gendarmeria","status":"publish","type":"post","link":"https:\/\/atacamas.cl\/atc\/presidente-de-la-corte-de-copiapo-se-reunio-con-gendarmeria\/","title":{"rendered":"Presidente de la Corte de Copiap\u00f3 se Reuni\u00f3 con Gendarmer\u00eda"},"content":{"rendered":"\n<p>El presidente de la Corte de Apelaciones de Copiap\u00f3, Pablo Krumm, encabez\u00f3 una reuni\u00f3n de trabajo con Gendarmer\u00eda, oportunidad en la que se trataron diversos temas de operatividad y funcionamiento de ambas instituciones.<\/p>\n\n\n\n<p>En la oportunidad, se efectu\u00f3 una revisi\u00f3n de los acuerdos de gesti\u00f3n y coordinaci\u00f3n correspondientes al a\u00f1o 2022, adem\u00e1s de los nudos cr\u00edticos en coordinaci\u00f3n con los tribunales, en lo referido a la custodia y traslado de los imputados para las respectivas audiencias en los tribunales penales.<\/p>\n\n\n\n<p>Del mismo modo, se dio cuenta de los avances en los sistemas tecnol\u00f3gicos de conexi\u00f3n con los tribunales, en lo relacionado con las audiencias a trav\u00e9s de medios telem\u00e1ticos y la disponibilidad de conectividad desde los recintos penitenciarios.<\/p>\n\n\n\n<p>Finalmente, en el encuentro se abord\u00f3 la situaci\u00f3n de la huelga de hambre que llevan adelante internos del Centro de Cumplimiento Penitenciario de Copiap\u00f3, oportunidad en la que el presidente Krumm se interioriz\u00f3 acerca de la forma en que se desarrolla este movimiento y las medidas que han adoptado tanto Gendarmer\u00eda como las instituciones relacionadas para abordar esta situaci\u00f3n.<\/p>\n","protected":false},"excerpt":{"rendered":"<p>El presidente de la Corte de Apelaciones de Copiap\u00f3, Pablo Krumm, encabez\u00f3 una reuni\u00f3n de<\/p>\n","protected":false},"author":2,"featured_media":262,"comment_status":"open","ping_status":"open","sticky":false,"template":"","format":"standard","meta":{"_acf_changed":false,"footnotes":""},"categories":[23],"tags":[],"class_list":["post-260","post","type-post","status-publish","format-standard","has-post-thumbnail","hentry","category-actualidad-regional"],"acf":[],"_links":{"self":[{"href":"https:\/\/atacamas.cl\/atc\/wp-json\/wp\/v2\/posts\/260","targetHints":{"allow":["GET"]}}],"collection":[{"href":"https:\/\/atacamas.cl\/atc\/wp-json\/wp\/v2\/posts"}],"about":[{"href":"https:\/\/atacamas.cl\/atc\/wp-json\/wp\/v2\/types\/post"}],"author":[{"embeddable":true,"href":"https:\/\/atacamas.cl\/atc\/wp-json\/wp\/v2\/users\/2"}],"replies":[{"embeddable":true,"href":"https:\/\/atacamas.cl\/atc\/wp-json\/wp\/v2\/comments?post=260"}],"version-history":[{"count":0,"href":"https:\/\/atacamas.cl\/atc\/wp-json\/wp\/v2\/posts\/260\/revisions"}],"wp:featuredmedia":[{"embeddable":true,"href":"https:\/\/atacamas.cl\/atc\/wp-json\/wp\/v2\/media\/262"}],"wp:attachment":[{"href":"https:\/\/atacamas.cl\/atc\/wp-json\/wp\/v2\/media?parent=260"}],"wp:term":[{"taxonomy":"category","embeddable":true,"href":"https:\/\/atacamas.cl\/atc\/wp-json\/wp\/v2\/categories?post=260"},{"taxonomy":"post_tag","embeddable":true,"href":"https:\/\/atacamas.cl\/atc\/wp-json\/wp\/v2\/tags?post=260"}],"curies":[{"name":"wp","href":"https:\/\/api.w.org\/{rel}","templated":true}]}}