{"id":269,"date":"2023-04-01T14:37:00","date_gmt":"2023-04-01T14:37:00","guid":{"rendered":"https:\/\/atacamas.cl\/atc\/?p=269"},"modified":"2023-04-02T02:38:59","modified_gmt":"2023-04-02T02:38:59","slug":"copiapo-5-anos-de-presidio-a-autor-de-receptacion-de-vehiculo","status":"publish","type":"post","link":"https:\/\/atacamas.cl\/atc\/copiapo-5-anos-de-presidio-a-autor-de-receptacion-de-vehiculo\/","title":{"rendered":"Copiap\u00f3: 5 A\u00f1os de Presidio a Autor de Receptaci\u00f3n de Veh\u00edculo \u00a0"},"content":{"rendered":"\n<p>El Tribunal de Juicio Oral en lo Penal de Copiap\u00f3 conden\u00f3 a Juan Carlos Araya P\u00e1ez a la pena efectiva de 5 a\u00f1os de presidio, como autor del delito consumado de receptaci\u00f3n de veh\u00edculo motorizado, il\u00edcito descubierto en septiembre de 2021, en la comuna.<\/p>\n\n\n\n<p>En fallo un\u00e1nime, el tribunal \u2013integrado por los jueces Eugenio Bast\u00edas (presidente), Alfonso D\u00edaz y Mauricio Pizarro (redactor)\u2013 aplic\u00f3, adem\u00e1s, a Araya P\u00e1ez las accesorias legales de inhabilitaci\u00f3n absoluta perpetua para cargos y oficios p\u00fablicos y derechos pol\u00edticos y la de inhabilitaci\u00f3n absoluta para profesiones titulares mientras dure la condena; m\u00e1s el pago de una multa de 20 UTM.<\/p>\n\n\n\n<p>El tribunal tuvo por acreditado, m\u00e1s all\u00e1 de toda duda razonable, que \u201cel d\u00eda 19 de septiembre de 2021 a las 19:50 horas aproximadamente, personal de Carabineros fiscaliz\u00f3 al acusado JUAN CARLOS ARAYA P\u00c1EZ, el cual se encontraba conduciendo el veh\u00edculo marca Kia, modelo R\u00edo, patente CSPW-69 por la Ruta 5 Norte, km 812, comuna de Copiap\u00f3. En esos momentos, personal policial se percat\u00f3 que el veh\u00edculo manten\u00eda encargo vigente por el delito de robo de veh\u00edculo motorizado de fecha 15 de julio de 2021 denunciado por su propietario, la v\u00edctima J.M.G.\u201d.<\/p>\n\n\n\n<p>\u201cEl acusado manten\u00eda dicho m\u00f3vil, conociendo o no pudiendo menos que conocer el origen il\u00edcito de \u00e9ste\u201d, concluye.<\/p>\n\n\n\n<p>Cabe se\u00f1alar que con anterioridad el condenado se hab\u00eda reunido con el due\u00f1o del veh\u00edculo \u2013un taxi colectivo- para una supuesta compra del mismo, la que no se concret\u00f3.<\/p>\n\n\n\n<p>Adem\u00e1s, Araya P\u00e1ez manten\u00eda un extracto de filiaci\u00f3n con 12 condenas, cumplidas, entre las cuales se cuentan sentencias por robo con intimidaci\u00f3n, hurto, estafa, robo con fuerza en las cosas y robo en lugar no habitado.<\/p>\n","protected":false},"excerpt":{"rendered":"<p>El Tribunal de Juicio Oral en lo Penal de Copiap\u00f3 conden\u00f3 a Juan Carlos Araya<\/p>\n","protected":false},"author":2,"featured_media":270,"comment_status":"open","ping_status":"open","sticky":false,"template":"","format":"standard","meta":{"_acf_changed":false,"footnotes":""},"categories":[5],"tags":[],"class_list":["post-269","post","type-post","status-publish","format-standard","has-post-thumbnail","hentry","category-policial"],"acf":[],"_links":{"self":[{"href":"https:\/\/atacamas.cl\/atc\/wp-json\/wp\/v2\/posts\/269","targetHints":{"allow":["GET"]}}],"collection":[{"href":"https:\/\/atacamas.cl\/atc\/wp-json\/wp\/v2\/posts"}],"about":[{"href":"https:\/\/atacamas.cl\/atc\/wp-json\/wp\/v2\/types\/post"}],"author":[{"embeddable":true,"href":"https:\/\/atacamas.cl\/atc\/wp-json\/wp\/v2\/users\/2"}],"replies":[{"embeddable":true,"href":"https:\/\/atacamas.cl\/atc\/wp-json\/wp\/v2\/comments?post=269"}],"version-history":[{"count":0,"href":"https:\/\/atacamas.cl\/atc\/wp-json\/wp\/v2\/posts\/269\/revisions"}],"wp:featuredmedia":[{"embeddable":true,"href":"https:\/\/atacamas.cl\/atc\/wp-json\/wp\/v2\/media\/270"}],"wp:attachment":[{"href":"https:\/\/atacamas.cl\/atc\/wp-json\/wp\/v2\/media?parent=269"}],"wp:term":[{"taxonomy":"category","embeddable":true,"href":"https:\/\/atacamas.cl\/atc\/wp-json\/wp\/v2\/categories?post=269"},{"taxonomy":"post_tag","embeddable":true,"href":"https:\/\/atacamas.cl\/atc\/wp-json\/wp\/v2\/tags?post=269"}],"curies":[{"name":"wp","href":"https:\/\/api.w.org\/{rel}","templated":true}]}}