{"id":272,"date":"2023-04-04T23:42:19","date_gmt":"2023-04-04T23:42:19","guid":{"rendered":"https:\/\/atacamas.cl\/atc\/?p=272"},"modified":"2023-04-04T23:42:19","modified_gmt":"2023-04-04T23:42:19","slug":"seguidilla-de-sismos-en-caldera-llamado-a-la-calma-y-reforzar-prevencion","status":"publish","type":"post","link":"https:\/\/atacamas.cl\/atc\/seguidilla-de-sismos-en-caldera-llamado-a-la-calma-y-reforzar-prevencion\/","title":{"rendered":"Seguidilla de Sismos en Caldera: Llamado a la Calma y Reforzar Prevenci\u00f3n"},"content":{"rendered":"\n<p>Durante la tarde de hoy martes 4 de abril, los instrumentos del Centro Sismol\u00f3gico Nacional han registrado una seguidilla de sismos, todos con epicentro en Caldera.<\/p>\n\n\n\n<p>El de mayor intensidad se produjo a las 15:08 horas y habr\u00eda alcanzado una magnitud de 5.8, con una intensidad de percepci\u00f3n Mercalli por parte de la poblaci\u00f3n, que lleg\u00f3 a VII en Caldera y Copiap\u00f3.<\/p>\n\n\n\n<p>A trav\u00e9s de redes sociales se han viralizado algunas im\u00e1genes de despedimientos de cornisas, ca\u00edda de estantes de supermercados, da\u00f1os en edificios, cortes de energ\u00eda el\u00e9ctrica y algunos da\u00f1os menores en diversos puntos de la regi\u00f3n.<\/p>\n\n\n\n<p>Si bien en la actualidad no existe ning\u00fan elemento cient\u00edfico que ayude a predecir o anticiparse a un terremoto, debemos aprender del pasado para estar preparados, reforzando constantemente las medidas de prevenci\u00f3n en nuestros hogares.<\/p>\n\n\n\n<p>Precisamente hoy el ge\u00f3logo atacame\u00f1o, Miguel C\u00e1ceres (autor de los libros Atacama S\u00edsmica y el Terremoto Que Destruy\u00f3 Atacama), recordaba en sus redes sociales que a las 15:40 horas de un 4 de abril, pero de 1819, un fuerte terremoto caus\u00f3 graves da\u00f1os en Copiap\u00f3 y muchas localidades de Atacama.<\/p>\n\n\n\n<p>En caso de ocurrir un sismo de gran magnitud, es muy importante contar previamente con una adecuada planificaci\u00f3n familiar. Adem\u00e1s, se sugiere tener a mano una mochila con un kit de emergencia equipado con radio, pilas, agua, linterna e informaci\u00f3n de las v\u00eda de evacuaci\u00f3n del sector, entre otros art\u00edculos.<\/p>\n","protected":false},"excerpt":{"rendered":"<p>Durante la tarde de hoy martes 4 de abril, los instrumentos del Centro Sismol\u00f3gico Nacional<\/p>\n","protected":false},"author":2,"featured_media":273,"comment_status":"open","ping_status":"open","sticky":false,"template":"","format":"standard","meta":{"_acf_changed":false,"footnotes":""},"categories":[23],"tags":[],"class_list":["post-272","post","type-post","status-publish","format-standard","has-post-thumbnail","hentry","category-actualidad-regional"],"acf":[],"_links":{"self":[{"href":"https:\/\/atacamas.cl\/atc\/wp-json\/wp\/v2\/posts\/272","targetHints":{"allow":["GET"]}}],"collection":[{"href":"https:\/\/atacamas.cl\/atc\/wp-json\/wp\/v2\/posts"}],"about":[{"href":"https:\/\/atacamas.cl\/atc\/wp-json\/wp\/v2\/types\/post"}],"author":[{"embeddable":true,"href":"https:\/\/atacamas.cl\/atc\/wp-json\/wp\/v2\/users\/2"}],"replies":[{"embeddable":true,"href":"https:\/\/atacamas.cl\/atc\/wp-json\/wp\/v2\/comments?post=272"}],"version-history":[{"count":0,"href":"https:\/\/atacamas.cl\/atc\/wp-json\/wp\/v2\/posts\/272\/revisions"}],"wp:featuredmedia":[{"embeddable":true,"href":"https:\/\/atacamas.cl\/atc\/wp-json\/wp\/v2\/media\/273"}],"wp:attachment":[{"href":"https:\/\/atacamas.cl\/atc\/wp-json\/wp\/v2\/media?parent=272"}],"wp:term":[{"taxonomy":"category","embeddable":true,"href":"https:\/\/atacamas.cl\/atc\/wp-json\/wp\/v2\/categories?post=272"},{"taxonomy":"post_tag","embeddable":true,"href":"https:\/\/atacamas.cl\/atc\/wp-json\/wp\/v2\/tags?post=272"}],"curies":[{"name":"wp","href":"https:\/\/api.w.org\/{rel}","templated":true}]}}