{"id":275,"date":"2023-04-05T19:22:39","date_gmt":"2023-04-05T19:22:39","guid":{"rendered":"https:\/\/atacamas.cl\/atc\/?p=275"},"modified":"2023-04-05T19:22:40","modified_gmt":"2023-04-05T19:22:40","slug":"huasco-conductor-involucrado-en-fatal-accidente-fue-formalizado-y-quedo-en-prision-preventiva","status":"publish","type":"post","link":"https:\/\/atacamas.cl\/atc\/huasco-conductor-involucrado-en-fatal-accidente-fue-formalizado-y-quedo-en-prision-preventiva\/","title":{"rendered":"Huasco: Conductor Involucrado en Fatal Accidente fue Formalizado y Qued\u00f3 en Prisi\u00f3n Preventiva"},"content":{"rendered":"\n<p>La Fiscal\u00eda de Atacama formaliz\u00f3 la ma\u00f1ana de este mi\u00e9rcoles al conductor de una camioneta que el pasado fin de semana protagoniz\u00f3 un grave accidente carretero que dej\u00f3 como consecuencia dos personas fallecidas, adem\u00e1s de tres lesionadas de gravedad.<\/p>\n\n\n\n<p>La audiencia fue asumida por el fiscal jefe de Freirina, Jorge Hern\u00e1ndez, quien argument\u00f3 que alrededor de las 04:50 horas del d\u00eda uno de abril, el imputado guiaba una camioneta por la ruta C-46 y a la altura del kil\u00f3metro 39 cruz\u00f3 el eje central de la calzada, impactando de manera frontal a un veh\u00edculo que circulaba en direcci\u00f3n contraria. \u201cA ra\u00edz de este hecho perdieron la vida en el lugar dos j\u00f3venes de 25 y 26 a\u00f1os que ocupaban el auto, mientras que en la camioneta que conduc\u00eda el detenido resultaron tres mujeres lesionadas graves y otro pasajero sufri\u00f3 lesiones leves. Luego del accidente, el conductor responsable de este siniestro se dio a la fuga del lugar sin dar a aviso a equipos de emergencia ni prestar ayuda a las personas lesionadas\u201d, indic\u00f3 el fiscal.<\/p>\n\n\n\n<p>Hern\u00e1ndez agreg\u00f3 que despu\u00e9s de 5 horas el involucrado se present\u00f3 de forma voluntaria ante personal de Carabineros de Huasco siendo detenido y sometido a la prueba respiratoria de rigor, evidenciando la presencia de alcohol en su cuerpo. El fiscal agreg\u00f3, adem\u00e1s, que de acuerdo a la declaraci\u00f3n del imputado, \u00e9ste hab\u00eda ingerido alcohol en distintos lugares y consumido droga previo al accidente.<\/p>\n\n\n\n<p>FORMALIZACI\u00d3N<\/p>\n\n\n\n<p>En la audiencia la Fiscal\u00eda comunic\u00f3 al detenido, quien permanece internado en el Hospital Provincial del Huasco, que ser\u00e1 investigado por su participaci\u00f3n consumada en dos delitos de conducci\u00f3n de veh\u00edculo motorizado en estado de ebriedad con resultado de muerte, tres hechos de conducci\u00f3n en las condiciones ya se\u00f1aladas con resultado de lesiones graves, adem\u00e1s del il\u00edcito de darse a la fuga sin dar aviso a la autoridad.<\/p>\n\n\n\n<p>Frente a ello, el fiscal Jorge Hern\u00e1ndez solicit\u00f3 y obtuvo la medida cautelar de prisi\u00f3n preventiva en contra del conductor, quien fue considerado un peligro para la seguridad de la sociedad. Decret\u00e1ndose su ingreso a la c\u00e1rcel de Vallenar una vez que culmine su estad\u00eda en el recinto asistencial, quedando bajo resguardo de personal de Gendarmer\u00eda.<\/p>\n","protected":false},"excerpt":{"rendered":"<p>La Fiscal\u00eda de Atacama formaliz\u00f3 la ma\u00f1ana de este mi\u00e9rcoles al conductor de una camioneta<\/p>\n","protected":false},"author":2,"featured_media":276,"comment_status":"open","ping_status":"open","sticky":false,"template":"","format":"standard","meta":{"_acf_changed":false,"footnotes":""},"categories":[5],"tags":[],"class_list":["post-275","post","type-post","status-publish","format-standard","has-post-thumbnail","hentry","category-policial"],"acf":[],"_links":{"self":[{"href":"https:\/\/atacamas.cl\/atc\/wp-json\/wp\/v2\/posts\/275","targetHints":{"allow":["GET"]}}],"collection":[{"href":"https:\/\/atacamas.cl\/atc\/wp-json\/wp\/v2\/posts"}],"about":[{"href":"https:\/\/atacamas.cl\/atc\/wp-json\/wp\/v2\/types\/post"}],"author":[{"embeddable":true,"href":"https:\/\/atacamas.cl\/atc\/wp-json\/wp\/v2\/users\/2"}],"replies":[{"embeddable":true,"href":"https:\/\/atacamas.cl\/atc\/wp-json\/wp\/v2\/comments?post=275"}],"version-history":[{"count":0,"href":"https:\/\/atacamas.cl\/atc\/wp-json\/wp\/v2\/posts\/275\/revisions"}],"wp:featuredmedia":[{"embeddable":true,"href":"https:\/\/atacamas.cl\/atc\/wp-json\/wp\/v2\/media\/276"}],"wp:attachment":[{"href":"https:\/\/atacamas.cl\/atc\/wp-json\/wp\/v2\/media?parent=275"}],"wp:term":[{"taxonomy":"category","embeddable":true,"href":"https:\/\/atacamas.cl\/atc\/wp-json\/wp\/v2\/categories?post=275"},{"taxonomy":"post_tag","embeddable":true,"href":"https:\/\/atacamas.cl\/atc\/wp-json\/wp\/v2\/tags?post=275"}],"curies":[{"name":"wp","href":"https:\/\/api.w.org\/{rel}","templated":true}]}}