{"id":278,"date":"2023-04-05T23:58:44","date_gmt":"2023-04-05T23:58:44","guid":{"rendered":"https:\/\/atacamas.cl\/atc\/?p=278"},"modified":"2023-04-05T23:59:09","modified_gmt":"2023-04-05T23:59:09","slug":"ordenan-prision-preventiva-para-imputado-que-secuestro-y-abuso-de-expareja-en-copiapo","status":"publish","type":"post","link":"https:\/\/atacamas.cl\/atc\/ordenan-prision-preventiva-para-imputado-que-secuestro-y-abuso-de-expareja-en-copiapo\/","title":{"rendered":"Ordenan Prisi\u00f3n Preventiva para Imputado que Secuestr\u00f3 y Abus\u00f3 de Expareja en Copiap\u00f3"},"content":{"rendered":"\n<p>Durante la tarde de ayer se viraliz\u00f3 en redes sociales un video de una c\u00e1mara de seguridad que capt\u00f3 el secuestro de una mujer que fue subida por la fuerza a un veh\u00edculo, en el sector de El Palomar en Copiap\u00f3.<\/p>\n\n\n\n<p>Hoy el Juzgado de Garant\u00eda de Copiap\u00f3 dej\u00f3 en prisi\u00f3n preventiva al imputado por este delito, en contra de quien la Fiscal\u00eda de Atacama abri\u00f3 una investigaci\u00f3n por los delitos de secuestro y abuso sexual.<\/p>\n\n\n\n<p>En la audiencia de formalizaci\u00f3n, se dio a conocer que la v\u00edctima y el imputado mantuvieron una relaci\u00f3n de pareja que termin\u00f3 hace dos semanas. Tras la ruptura, el imputado comenz\u00f3 a acosar por diversos medios a la joven. En dicho contexto, ayer el imputado concurri\u00f3 hasta el trabajo de su expareja, un restor\u00e1n de comida china ubicado en el sector El Palomar, lugar donde, tras discutir, le pidi\u00f3 que saliera un momento, lo que aprovech\u00f3 para tomarla por la fuerza y contra su voluntad subirla al veh\u00edculo en el cual se movilizaba e inici\u00f3 la marcha pese a los esfuerzos de la v\u00edctima para bajar del autom\u00f3vil.<\/p>\n\n\n\n<p>Finalmente, el imputado se dirigi\u00f3 hasta un parque del sector, donde estacion\u00f3 y tras una nueva discusi\u00f3n, llev\u00f3 de vuelta a la v\u00edctima al restor\u00e1n. Trayecto durante el cual el imputado utilizando la fuerza, le realiz\u00f3 tocamientos en partes \u00edntimas a la v\u00edctima.<\/p>\n\n\n\n<p>En el sector del restor\u00e1n, ya se encontraba personal de Carabineros quienes concretaron la detenci\u00f3n del imputado, quien adem\u00e1s cuenta con antecedentes penales por los delitos de tr\u00e1fico y porte de municiones.<\/p>\n","protected":false},"excerpt":{"rendered":"<p>Durante la tarde de ayer se viraliz\u00f3 en redes sociales un video de una c\u00e1mara<\/p>\n","protected":false},"author":2,"featured_media":279,"comment_status":"open","ping_status":"open","sticky":false,"template":"","format":"standard","meta":{"_acf_changed":false,"footnotes":""},"categories":[5],"tags":[],"class_list":["post-278","post","type-post","status-publish","format-standard","has-post-thumbnail","hentry","category-policial"],"acf":[],"_links":{"self":[{"href":"https:\/\/atacamas.cl\/atc\/wp-json\/wp\/v2\/posts\/278","targetHints":{"allow":["GET"]}}],"collection":[{"href":"https:\/\/atacamas.cl\/atc\/wp-json\/wp\/v2\/posts"}],"about":[{"href":"https:\/\/atacamas.cl\/atc\/wp-json\/wp\/v2\/types\/post"}],"author":[{"embeddable":true,"href":"https:\/\/atacamas.cl\/atc\/wp-json\/wp\/v2\/users\/2"}],"replies":[{"embeddable":true,"href":"https:\/\/atacamas.cl\/atc\/wp-json\/wp\/v2\/comments?post=278"}],"version-history":[{"count":0,"href":"https:\/\/atacamas.cl\/atc\/wp-json\/wp\/v2\/posts\/278\/revisions"}],"wp:featuredmedia":[{"embeddable":true,"href":"https:\/\/atacamas.cl\/atc\/wp-json\/wp\/v2\/media\/279"}],"wp:attachment":[{"href":"https:\/\/atacamas.cl\/atc\/wp-json\/wp\/v2\/media?parent=278"}],"wp:term":[{"taxonomy":"category","embeddable":true,"href":"https:\/\/atacamas.cl\/atc\/wp-json\/wp\/v2\/categories?post=278"},{"taxonomy":"post_tag","embeddable":true,"href":"https:\/\/atacamas.cl\/atc\/wp-json\/wp\/v2\/tags?post=278"}],"curies":[{"name":"wp","href":"https:\/\/api.w.org\/{rel}","templated":true}]}}