{"id":290,"date":"2023-04-11T23:44:22","date_gmt":"2023-04-11T23:44:22","guid":{"rendered":"https:\/\/atacamas.cl\/atc\/?p=290"},"modified":"2023-04-11T23:54:05","modified_gmt":"2023-04-11T23:54:05","slug":"debuta-criterio-valencia-en-atacama-fiscalia-aplica-nuevo-instructivo-y-pide-detencion-para-determinar-identidad-de-imputados-extranjeros","status":"publish","type":"post","link":"https:\/\/atacamas.cl\/atc\/debuta-criterio-valencia-en-atacama-fiscalia-aplica-nuevo-instructivo-y-pide-detencion-para-determinar-identidad-de-imputados-extranjeros\/","title":{"rendered":"Debuta \u201cCriterio Valencia\u201d en Atacama: Fiscal\u00eda Aplica Nuevo Instructivo y Pide Detenci\u00f3n Para Determinar Identidad de Imputados"},"content":{"rendered":"\n<p>La Fiscal\u00eda de Atacama inform\u00f3 que esta ma\u00f1ana comenz\u00f3 la aplicaci\u00f3n del instructivo emanado desde la Fiscal\u00eda Nacional, que establece pedir la privaci\u00f3n de libertad de imputadas e imputados de delitos de quienes se desconozca su identidad.<\/p>\n\n\n\n<p>Respecto de esto, el fiscal jefe de Copiap\u00f3, Christian Gonz\u00e1lez, indic\u00f3 que luego de la detenci\u00f3n de tres personas de nacionalidad extranjera, dos hombres y una mujer, por parte de Carabineros por el delito de tr\u00e1fico de peque\u00f1as cantidades de droga y cohecho respecto de la mujer, la Fiscal\u00eda solicit\u00f3 al Juez de turno la ampliaci\u00f3n de la detenci\u00f3n de todos los imputados por un per\u00edodo de tres d\u00edas.<\/p>\n\n\n\n<p>\u201cCon relaci\u00f3n a estos ciudadanos colombianos detenidos por Carabineros, la Fiscal\u00eda de Atacama aplic\u00f3 a cabalidad de instructivo del Fiscal Nacional, Angel Valencia, lo que ha significado solicitar al Tribunal de Garant\u00eda la ampliaci\u00f3n de la detenci\u00f3n por tres d\u00edas&nbsp;con el objeto de lograr una plena identificaci\u00f3n en Chile de estas personas quienes ingresaron de manera ilegal al pa\u00eds\u201d, dijo el fiscal.<\/p>\n\n\n\n<p>Gonz\u00e1lez agreg\u00f3 que en esta causa la Fiscal\u00eda orden\u00f3 cada una de las diligencias investigativas a la polic\u00eda para establecer la identidad y poder as\u00ed solicitar la prisi\u00f3n preventiva u otras cautelares con plena certeza de los antecedentes. Agregando que dicho instructivo ser\u00e1 cumplido sin titubear en cada una de las Fiscal\u00edas locales de la regi\u00f3n de Atacama.<\/p>\n","protected":false},"excerpt":{"rendered":"<p>La Fiscal\u00eda de Atacama inform\u00f3 que esta ma\u00f1ana comenz\u00f3 la aplicaci\u00f3n del instructivo emanado desde<\/p>\n","protected":false},"author":2,"featured_media":291,"comment_status":"open","ping_status":"open","sticky":false,"template":"","format":"standard","meta":{"_acf_changed":false,"footnotes":""},"categories":[5],"tags":[],"class_list":["post-290","post","type-post","status-publish","format-standard","has-post-thumbnail","hentry","category-policial"],"acf":[],"_links":{"self":[{"href":"https:\/\/atacamas.cl\/atc\/wp-json\/wp\/v2\/posts\/290","targetHints":{"allow":["GET"]}}],"collection":[{"href":"https:\/\/atacamas.cl\/atc\/wp-json\/wp\/v2\/posts"}],"about":[{"href":"https:\/\/atacamas.cl\/atc\/wp-json\/wp\/v2\/types\/post"}],"author":[{"embeddable":true,"href":"https:\/\/atacamas.cl\/atc\/wp-json\/wp\/v2\/users\/2"}],"replies":[{"embeddable":true,"href":"https:\/\/atacamas.cl\/atc\/wp-json\/wp\/v2\/comments?post=290"}],"version-history":[{"count":0,"href":"https:\/\/atacamas.cl\/atc\/wp-json\/wp\/v2\/posts\/290\/revisions"}],"wp:featuredmedia":[{"embeddable":true,"href":"https:\/\/atacamas.cl\/atc\/wp-json\/wp\/v2\/media\/291"}],"wp:attachment":[{"href":"https:\/\/atacamas.cl\/atc\/wp-json\/wp\/v2\/media?parent=290"}],"wp:term":[{"taxonomy":"category","embeddable":true,"href":"https:\/\/atacamas.cl\/atc\/wp-json\/wp\/v2\/categories?post=290"},{"taxonomy":"post_tag","embeddable":true,"href":"https:\/\/atacamas.cl\/atc\/wp-json\/wp\/v2\/tags?post=290"}],"curies":[{"name":"wp","href":"https:\/\/api.w.org\/{rel}","templated":true}]}}