{"id":300,"date":"2023-04-14T22:43:30","date_gmt":"2023-04-14T22:43:30","guid":{"rendered":"https:\/\/atacamas.cl\/atc\/?p=300"},"modified":"2023-04-14T22:43:30","modified_gmt":"2023-04-14T22:43:30","slug":"prision-preventiva-para-autores-de-violento-robo-en-parcela-al-norte-de-copiapo","status":"publish","type":"post","link":"https:\/\/atacamas.cl\/atc\/prision-preventiva-para-autores-de-violento-robo-en-parcela-al-norte-de-copiapo\/","title":{"rendered":"Prisi\u00f3n Preventiva Para Autores de Violento Robo en Parcela al Norte de Copiap\u00f3"},"content":{"rendered":"\n<p>La Fiscal\u00eda de Atacama formaliz\u00f3 esta tarde a dos imputados por su participaci\u00f3n consumada en el delito de robo calificado con retenci\u00f3n de personas, que afect\u00f3 a una parcela del sector Valle F\u00e9rtil, al norte de Copiap\u00f3.<\/p>\n\n\n\n<p>De acuerdo a lo informado por la Fiscal\u00eda de Atacama, los imputados ingresaron a la vivienda afectada alrededor de las 20:45 horas, ocupando uno de ellos, de acuerdo con las versiones de testigos, un arma de fuego. \u201cEn este contexto un imputado golpe\u00f3 a uno de los residentes de la parcela adem\u00e1s de amarrarlo y apuntarle con el arma en su cabeza, luego de lo cual el segundo de los participantes sustrajo especies para finalmente ambos darse a la fuga en un auto color plomo. Antecedente que fue aportado a Carabineros en la denuncia respectiva\u201d, dijo la fiscal (s) Carolina Trivelli.<\/p>\n\n\n\n<p>Seg\u00fan los antecedentes, en los momentos en que personal policial se dirig\u00eda al sector del il\u00edcito vieron un auto que presentaba las caracter\u00edsticas informadas previamente, advirtiendo que el m\u00f3vil se dio r\u00e1pidamente a la fuga para luego detener su marcha y sus dos ocupantes huir a pie. \u201cEn esta din\u00e1mica Carabineros detuvo a uno de los imputados, adem\u00e1s de determinar que en el interior del veh\u00edculo hab\u00eda especies de propiedad de las v\u00edctimas y una prenda de vestir con la que un imputado ocult\u00f3 su rostro en el momento del robo\u201d, se\u00f1al\u00f3 Trivelli.<\/p>\n\n\n\n<p>Respecto del segundo participante, la fiscal indic\u00f3 que fue retenido por vecinos del sector quienes adem\u00e1s lo agredieron luego de que \u00e9ste ingresara a una parcela, debiendo intervenir la polic\u00eda para proceder con su detenci\u00f3n. Ordenando el fiscal de turno diligencias investigativas a personal de la SIP de Carabineros.<\/p>\n\n\n\n<p>En la formalizaci\u00f3n de los imputados, se obtuvo la prisi\u00f3n preventiva de ambos sujetos y se fij\u00f3 un plazo de tres meses para el cierre de la investigaci\u00f3n.<\/p>\n","protected":false},"excerpt":{"rendered":"<p>La Fiscal\u00eda de Atacama formaliz\u00f3 esta tarde a dos imputados por su participaci\u00f3n consumada en<\/p>\n","protected":false},"author":2,"featured_media":301,"comment_status":"open","ping_status":"open","sticky":false,"template":"","format":"standard","meta":{"_acf_changed":false,"footnotes":""},"categories":[5],"tags":[],"class_list":["post-300","post","type-post","status-publish","format-standard","has-post-thumbnail","hentry","category-policial"],"acf":[],"_links":{"self":[{"href":"https:\/\/atacamas.cl\/atc\/wp-json\/wp\/v2\/posts\/300","targetHints":{"allow":["GET"]}}],"collection":[{"href":"https:\/\/atacamas.cl\/atc\/wp-json\/wp\/v2\/posts"}],"about":[{"href":"https:\/\/atacamas.cl\/atc\/wp-json\/wp\/v2\/types\/post"}],"author":[{"embeddable":true,"href":"https:\/\/atacamas.cl\/atc\/wp-json\/wp\/v2\/users\/2"}],"replies":[{"embeddable":true,"href":"https:\/\/atacamas.cl\/atc\/wp-json\/wp\/v2\/comments?post=300"}],"version-history":[{"count":0,"href":"https:\/\/atacamas.cl\/atc\/wp-json\/wp\/v2\/posts\/300\/revisions"}],"wp:featuredmedia":[{"embeddable":true,"href":"https:\/\/atacamas.cl\/atc\/wp-json\/wp\/v2\/media\/301"}],"wp:attachment":[{"href":"https:\/\/atacamas.cl\/atc\/wp-json\/wp\/v2\/media?parent=300"}],"wp:term":[{"taxonomy":"category","embeddable":true,"href":"https:\/\/atacamas.cl\/atc\/wp-json\/wp\/v2\/categories?post=300"},{"taxonomy":"post_tag","embeddable":true,"href":"https:\/\/atacamas.cl\/atc\/wp-json\/wp\/v2\/tags?post=300"}],"curies":[{"name":"wp","href":"https:\/\/api.w.org\/{rel}","templated":true}]}}