{"id":311,"date":"2023-04-17T12:49:15","date_gmt":"2023-04-17T12:49:15","guid":{"rendered":"https:\/\/atacamas.cl\/atc\/?p=311"},"modified":"2023-04-17T12:49:15","modified_gmt":"2023-04-17T12:49:15","slug":"fiscalia-indaga-causas-de-grave-accidente-carretero-en-que-murieron-cuatro-personas","status":"publish","type":"post","link":"https:\/\/atacamas.cl\/atc\/fiscalia-indaga-causas-de-grave-accidente-carretero-en-que-murieron-cuatro-personas\/","title":{"rendered":"Fiscal\u00eda Indaga Causas de Grave Accidente Carretero en que Murieron Cuatro Personas"},"content":{"rendered":"\n<p>La Fiscal\u00eda de Atacama orden\u00f3 inmediatas diligencias investigativas luego de un grave accidente carretero ocurrido la tarde de este domingo en la Ruta Internacional que une a Copiap\u00f3 con la localidad de Inca de Oro, hecho que dej\u00f3 como consecuencia el fallecimiento de cuatro personas.<\/p>\n\n\n\n<p>Hasta el lugar del siniestro se constituy\u00f3 el fiscal adjunto de Copiap\u00f3 Marcelo Torres, quien dio instrucciones a personal de la Siat, SIP y Labocar de Carabineros con la finalidad de indagar distintos aspectos de este accidente y poder establecer, de manera definitiva, la din\u00e1mica y causa de \u00e9ste.<\/p>\n\n\n\n<p>En relaci\u00f3n a la colisi\u00f3n el fiscal inform\u00f3 que alrededor de las 19:30 horas dos veh\u00edculos particulares impactaron de manera frontal a la altura del kil\u00f3metro 9 de la ruta C-17, ocasionando el fallecimiento de tres personas que viajaban en uno de los veh\u00edculos y que fueron identificadas como Edwin Holvoet Tapia, Erika Allende Olea y Roxana Allende Olea, mientras que un menor de edad ocupante de este auto debi\u00f3 ser trasladado hasta el servicio de urgencia del Hospital Regional con lesiones de gravedad.<\/p>\n\n\n\n<p>En el segundo veh\u00edculo involucrado su conductor y copiloto resultaron heridos de gravedad, mientras que un tercer pasajero result\u00f3 fallecido, quien fue individualizado como Benjam\u00edn Salinas Llano.<\/p>\n\n\n\n<p>\u201cFrente a este lamentable accidente la Fiscal\u00eda de Atacama orden\u00f3 inmediatas diligencias a personal especializado de Carabineros, adem\u00e1s de derivar los antecedentes de las y los fallecidos a la Unidad de Atenci\u00f3n a V\u00edctimas y Testigos de la Fiscal\u00eda Regional. En relaci\u00f3n con la causa del accidente ser\u00e1n los informes de los peritos los que nos permitan determinar responsabilidades y la causa de la colisi\u00f3n\u201d, indic\u00f3 el fiscal.<\/p>\n\n\n\n<p>Finalmente, Torres solicit\u00f3 la presencia en el lugar de funcionarios del Servicio M\u00e9dico Legal para proceder con el levantamiento de los cuerpos de las personas fallecidas.<\/p>\n","protected":false},"excerpt":{"rendered":"<p>La Fiscal\u00eda de Atacama orden\u00f3 inmediatas diligencias investigativas luego de un grave accidente carretero ocurrido<\/p>\n","protected":false},"author":2,"featured_media":312,"comment_status":"open","ping_status":"open","sticky":false,"template":"","format":"standard","meta":{"_acf_changed":false,"footnotes":""},"categories":[5],"tags":[],"class_list":["post-311","post","type-post","status-publish","format-standard","has-post-thumbnail","hentry","category-policial"],"acf":[],"_links":{"self":[{"href":"https:\/\/atacamas.cl\/atc\/wp-json\/wp\/v2\/posts\/311","targetHints":{"allow":["GET"]}}],"collection":[{"href":"https:\/\/atacamas.cl\/atc\/wp-json\/wp\/v2\/posts"}],"about":[{"href":"https:\/\/atacamas.cl\/atc\/wp-json\/wp\/v2\/types\/post"}],"author":[{"embeddable":true,"href":"https:\/\/atacamas.cl\/atc\/wp-json\/wp\/v2\/users\/2"}],"replies":[{"embeddable":true,"href":"https:\/\/atacamas.cl\/atc\/wp-json\/wp\/v2\/comments?post=311"}],"version-history":[{"count":0,"href":"https:\/\/atacamas.cl\/atc\/wp-json\/wp\/v2\/posts\/311\/revisions"}],"wp:featuredmedia":[{"embeddable":true,"href":"https:\/\/atacamas.cl\/atc\/wp-json\/wp\/v2\/media\/312"}],"wp:attachment":[{"href":"https:\/\/atacamas.cl\/atc\/wp-json\/wp\/v2\/media?parent=311"}],"wp:term":[{"taxonomy":"category","embeddable":true,"href":"https:\/\/atacamas.cl\/atc\/wp-json\/wp\/v2\/categories?post=311"},{"taxonomy":"post_tag","embeddable":true,"href":"https:\/\/atacamas.cl\/atc\/wp-json\/wp\/v2\/tags?post=311"}],"curies":[{"name":"wp","href":"https:\/\/api.w.org\/{rel}","templated":true}]}}