{"id":314,"date":"2023-04-19T20:12:52","date_gmt":"2023-04-19T20:12:52","guid":{"rendered":"https:\/\/atacamas.cl\/atc\/?p=314"},"modified":"2023-04-19T20:12:52","modified_gmt":"2023-04-19T20:12:52","slug":"alto-del-carmen-en-prision-preventiva-imputados-por-trafico-de-droga-y-porte-de-arma","status":"publish","type":"post","link":"https:\/\/atacamas.cl\/atc\/alto-del-carmen-en-prision-preventiva-imputados-por-trafico-de-droga-y-porte-de-arma\/","title":{"rendered":"ALTO DEL CARMEN: En Prisi\u00f3n Preventiva Imputados por Tr\u00e1fico de Droga y Porte de Arma"},"content":{"rendered":"\n<p>Bajo la medida cautelar de prisi\u00f3n preventiva quedaron dos imputados adultos, quienes fueron formalizados este mi\u00e9rcoles por la Fiscal\u00eda de Atacama por su participaci\u00f3n en los delitos de tr\u00e1fico de droga y porte ilegal de arma modificada, il\u00edcitos cometidos en la comuna de Alto del Carmen.<\/p>\n\n\n\n<p>Los antecedentes de esta causa fueron argumentados ante el Juzgado de Garant\u00eda de la ciudad de Vallenar por la fiscal (s), Constanza Ulloa, quien indic\u00f3 que alrededor de la medianoche personal de Carabineros fiscaliz\u00f3 a los ocupantes de un autom\u00f3vil que se encontraba estacionado en contra del sentido del tr\u00e1nsito en el sector de la ruta C-485.<\/p>\n\n\n\n<p>\u201cEn este procedimiento los funcionarios policiales controlaron la identidad de cuatro personas, dos adultos y dos menores de edad, pudiendo advertir que en el interior del autom\u00f3vil hab\u00eda un arma a fogueo modificada y apta para disparar con dos municiones, adem\u00e1s de distintas cantidades de droga de tipo marihuana y pasta base de coca\u00edna. Siendo detenidos por Carabineros para luego derivar los antecedentes a la Fiscal\u00eda\u201d, dijo Ulloa.<\/p>\n\n\n\n<p>FORMALIZACI\u00d3N<\/p>\n\n\n\n<p>La fiscal agreg\u00f3 que la audiencia en que se comunicaron los cargos se desarroll\u00f3 la ma\u00f1ana de este mi\u00e9rcoles, oportunidad en que los imputados fueron formalizados por la comisi\u00f3n de los delitos de tr\u00e1fico il\u00edcito de droga y porte ilegal de arma modificada. Instancia judicial en que la Fiscal\u00eda acredit\u00f3 los hechos materia de esta investigaci\u00f3n y obtuvo la medida cautelar de prisi\u00f3n preventiva en contra de los adultos, respecto de quienes se decret\u00f3 por parte del Juez de turno su ingreso a la c\u00e1rcel de Vallenar.<\/p>\n\n\n\n<p>En relaci\u00f3n con los menores de edad detenidos, se estableci\u00f3 que \u00e9stos quedaran bajo la vigilancia del Sename durante todo el desarrollo de la investigaci\u00f3n de esta causa que fue establecido en 90 d\u00edas.<\/p>\n","protected":false},"excerpt":{"rendered":"<p>Bajo la medida cautelar de prisi\u00f3n preventiva quedaron dos imputados adultos, quienes fueron formalizados este<\/p>\n","protected":false},"author":2,"featured_media":315,"comment_status":"open","ping_status":"open","sticky":false,"template":"","format":"standard","meta":{"_acf_changed":false,"footnotes":""},"categories":[5],"tags":[],"class_list":["post-314","post","type-post","status-publish","format-standard","has-post-thumbnail","hentry","category-policial"],"acf":[],"_links":{"self":[{"href":"https:\/\/atacamas.cl\/atc\/wp-json\/wp\/v2\/posts\/314","targetHints":{"allow":["GET"]}}],"collection":[{"href":"https:\/\/atacamas.cl\/atc\/wp-json\/wp\/v2\/posts"}],"about":[{"href":"https:\/\/atacamas.cl\/atc\/wp-json\/wp\/v2\/types\/post"}],"author":[{"embeddable":true,"href":"https:\/\/atacamas.cl\/atc\/wp-json\/wp\/v2\/users\/2"}],"replies":[{"embeddable":true,"href":"https:\/\/atacamas.cl\/atc\/wp-json\/wp\/v2\/comments?post=314"}],"version-history":[{"count":0,"href":"https:\/\/atacamas.cl\/atc\/wp-json\/wp\/v2\/posts\/314\/revisions"}],"wp:featuredmedia":[{"embeddable":true,"href":"https:\/\/atacamas.cl\/atc\/wp-json\/wp\/v2\/media\/315"}],"wp:attachment":[{"href":"https:\/\/atacamas.cl\/atc\/wp-json\/wp\/v2\/media?parent=314"}],"wp:term":[{"taxonomy":"category","embeddable":true,"href":"https:\/\/atacamas.cl\/atc\/wp-json\/wp\/v2\/categories?post=314"},{"taxonomy":"post_tag","embeddable":true,"href":"https:\/\/atacamas.cl\/atc\/wp-json\/wp\/v2\/tags?post=314"}],"curies":[{"name":"wp","href":"https:\/\/api.w.org\/{rel}","templated":true}]}}