{"id":326,"date":"2023-05-06T22:55:32","date_gmt":"2023-05-06T22:55:32","guid":{"rendered":"https:\/\/atacamas.cl\/atc\/?p=326"},"modified":"2023-05-06T22:55:32","modified_gmt":"2023-05-06T22:55:32","slug":"top-de-copiapo-condena-a-7-anos-y-184-dias-de-presidio-a-medico-autor-de-abuso-sexual-reiterado","status":"publish","type":"post","link":"https:\/\/atacamas.cl\/atc\/top-de-copiapo-condena-a-7-anos-y-184-dias-de-presidio-a-medico-autor-de-abuso-sexual-reiterado\/","title":{"rendered":"TOP de Copiap\u00f3 Condena a 7 A\u00f1os y 184 D\u00edas de Presidio a M\u00e9dico Autor de Abuso Sexual Reiterado"},"content":{"rendered":"\n<p>El Tribunal de Juicio Oral en lo Penal de Copiap\u00f3 conden\u00f3 a Francisco Osvaldo H\u00e9ctor P\u00e9rez Garc\u00eda a la pena de 7 a\u00f1os y 184 d\u00edas de presidio efectivo, como autor del delito reiterado de abuso sexual de persona mayor de 14 a\u00f1os. Il\u00edcitos perpetrados entre marzo y septiembre de 2017, en la ciudad.<\/p>\n\n\n\n<p>En fallo un\u00e1nime,&nbsp; el tribunal \u2013integrado por los jueces Adri\u00e1n Reyes Pardo (presidente), Marcelo Mart\u00ednez Venegas y Franco Madrid Palma (redactor)\u2013 aplic\u00f3 adem\u00e1s a P\u00e9rez Garc\u00eda las accesorias legales de inhabilitaci\u00f3n absoluta perpetua para cargos y oficios p\u00fablicos y derechos pol\u00edticos y la inhabilitaci\u00f3n absoluta para profesiones titulares mientras dure la condena.<\/p>\n\n\n\n<p>Una vez que el fallo quede ejecutoriado, el tribunal dispuso que se proceda a la toma de muestras biol\u00f3gicas del sentenciado para determinar su huella gen\u00e9tica e inclusi\u00f3n en el registro nacional de ADN de condenados.<\/p>\n\n\n\n<p>El tribunal tuvo por acreditado, m\u00e1s all\u00e1 de toda duda razonable, que el 30 de marzo de 2017, aproximadamente a las 20:30 horas, en un edificio ubicado en calle Colip\u00ed, Copiap\u00f3, el acusado Francisco Osvaldo H\u00e9ctor P\u00e9rez Garc\u00eda, ginec\u00f3logo, en el contexto de un examen m\u00e9dico, frot\u00f3 con sus dedos el cl\u00edtoris de la v\u00edctima 1, al tiempo que le dec\u00eda palabras de connotaci\u00f3n sexual, \u201cacto que el acusado realiz\u00f3 aprovechando que la v\u00edctima se encontraba incapacitada para oponerse, debido a que estaba tendida en la camilla ginecol\u00f3gica, con las rodillas flexionadas, las piernas abiertas y los pies en los estribos de la camilla\u201d.<\/p>\n\n\n\n<p>Modus operandi que reiter\u00f3 con una segunda v\u00edctima el 6 de julio de 2017, en horas de la ma\u00f1ana, al interior del Hospital Regional de Copiap\u00f3, ubicado en calle Vicu\u00f1a, en el contexto de un examen m\u00e9dico.<\/p>\n\n\n\n<p>Finalmente, en septiembre de 2017, en horas de la tarde, al interior del Hospital Regional de Copiap\u00f3, el acusado introdujo sus dedos en la vagina de la tercera v\u00edctima, en id\u00e9nticas circunstancias.<\/p>\n\n\n\n<p>En el aspecto civil, el tribunal acogi\u00f3 la demanda de indemnizaci\u00f3n de perjuicios deducida por dos de las v\u00edctimas y conden\u00f3 a P\u00e9rez Garc\u00eda al pago de $20.000.000 (veinte millones de pesos) por concepto de da\u00f1o moral ($10.000.000 para cada una).<\/p>\n\n\n\n<p>Cabe se\u00f1alar que el tribunal dispuso que el condenado cumpla su pena en el Centro de Detenci\u00f3n Preventiva de Ancud (regi\u00f3n de Los Lagos)<\/p>\n","protected":false},"excerpt":{"rendered":"<p>El Tribunal de Juicio Oral en lo Penal de Copiap\u00f3 conden\u00f3 a Francisco Osvaldo H\u00e9ctor<\/p>\n","protected":false},"author":2,"featured_media":327,"comment_status":"open","ping_status":"open","sticky":false,"template":"","format":"standard","meta":{"_acf_changed":false,"footnotes":""},"categories":[5],"tags":[],"class_list":["post-326","post","type-post","status-publish","format-standard","has-post-thumbnail","hentry","category-policial"],"acf":[],"_links":{"self":[{"href":"https:\/\/atacamas.cl\/atc\/wp-json\/wp\/v2\/posts\/326","targetHints":{"allow":["GET"]}}],"collection":[{"href":"https:\/\/atacamas.cl\/atc\/wp-json\/wp\/v2\/posts"}],"about":[{"href":"https:\/\/atacamas.cl\/atc\/wp-json\/wp\/v2\/types\/post"}],"author":[{"embeddable":true,"href":"https:\/\/atacamas.cl\/atc\/wp-json\/wp\/v2\/users\/2"}],"replies":[{"embeddable":true,"href":"https:\/\/atacamas.cl\/atc\/wp-json\/wp\/v2\/comments?post=326"}],"version-history":[{"count":0,"href":"https:\/\/atacamas.cl\/atc\/wp-json\/wp\/v2\/posts\/326\/revisions"}],"wp:featuredmedia":[{"embeddable":true,"href":"https:\/\/atacamas.cl\/atc\/wp-json\/wp\/v2\/media\/327"}],"wp:attachment":[{"href":"https:\/\/atacamas.cl\/atc\/wp-json\/wp\/v2\/media?parent=326"}],"wp:term":[{"taxonomy":"category","embeddable":true,"href":"https:\/\/atacamas.cl\/atc\/wp-json\/wp\/v2\/categories?post=326"},{"taxonomy":"post_tag","embeddable":true,"href":"https:\/\/atacamas.cl\/atc\/wp-json\/wp\/v2\/tags?post=326"}],"curies":[{"name":"wp","href":"https:\/\/api.w.org\/{rel}","templated":true}]}}