{"id":338,"date":"2023-05-14T18:38:34","date_gmt":"2023-05-14T18:38:34","guid":{"rendered":"https:\/\/atacamas.cl\/atc\/?p=338"},"modified":"2023-05-14T18:51:26","modified_gmt":"2023-05-14T18:51:26","slug":"fiscalia-dirige-investigacion-por-delitode-homicidio-ocurrido-en-copiapo","status":"publish","type":"post","link":"https:\/\/atacamas.cl\/atc\/fiscalia-dirige-investigacion-por-delitode-homicidio-ocurrido-en-copiapo\/","title":{"rendered":"Fiscal\u00eda dirige investigaci\u00f3n por delito de homicidio ocurrido en Copiap\u00f3"},"content":{"rendered":"\n<p>La Fiscal\u00eda de Atacama est\u00e1 dirigiendo una investigaci\u00f3n, luego del desenlace fatal que tuvo una persona que ingres\u00f3 herida con arma blanca al Hospital Regional de Copiap\u00f3 el pasado jueves.<\/p>\n\n\n\n<p>De acuerdo a los antecedentes dados a conocer por la vocera de la Fiscal\u00eda Regional, Rebeca Varas, el mencionado d\u00eda fue internado un hombre adulto en este recinto asistencial que presentaba diversas lesiones de arma blanca, las que, lamentablemente, derivaron en su fallecimiento durante este d\u00eda viernes.<\/p>\n\n\n\n<p>&#8220;Desde que la Fiscal\u00eda tom\u00f3 conocimiento de este hecho orden\u00f3 las inmediatas diligencias investigativas a la Brigada de Homicidios para indagar los hechos y las circunstancias en que se generaron las agresiones y sus posibles responsables&#8221;, indic\u00f3 la vocera.<\/p>\n\n\n\n<p>Varas agreg\u00f3 que la investigaci\u00f3n se encuentra en pleno desarrollo con el trabajo del fiscal del caso y los funcionarios de la PDI.<\/p>\n","protected":false},"excerpt":{"rendered":"<p>La Fiscal\u00eda de Atacama est\u00e1 dirigiendo una investigaci\u00f3n, luego del desenlace fatal que tuvo una<\/p>\n","protected":false},"author":2,"featured_media":301,"comment_status":"open","ping_status":"open","sticky":false,"template":"","format":"standard","meta":{"_acf_changed":false,"footnotes":""},"categories":[5],"tags":[],"class_list":["post-338","post","type-post","status-publish","format-standard","has-post-thumbnail","hentry","category-policial"],"acf":[],"_links":{"self":[{"href":"https:\/\/atacamas.cl\/atc\/wp-json\/wp\/v2\/posts\/338","targetHints":{"allow":["GET"]}}],"collection":[{"href":"https:\/\/atacamas.cl\/atc\/wp-json\/wp\/v2\/posts"}],"about":[{"href":"https:\/\/atacamas.cl\/atc\/wp-json\/wp\/v2\/types\/post"}],"author":[{"embeddable":true,"href":"https:\/\/atacamas.cl\/atc\/wp-json\/wp\/v2\/users\/2"}],"replies":[{"embeddable":true,"href":"https:\/\/atacamas.cl\/atc\/wp-json\/wp\/v2\/comments?post=338"}],"version-history":[{"count":0,"href":"https:\/\/atacamas.cl\/atc\/wp-json\/wp\/v2\/posts\/338\/revisions"}],"wp:featuredmedia":[{"embeddable":true,"href":"https:\/\/atacamas.cl\/atc\/wp-json\/wp\/v2\/media\/301"}],"wp:attachment":[{"href":"https:\/\/atacamas.cl\/atc\/wp-json\/wp\/v2\/media?parent=338"}],"wp:term":[{"taxonomy":"category","embeddable":true,"href":"https:\/\/atacamas.cl\/atc\/wp-json\/wp\/v2\/categories?post=338"},{"taxonomy":"post_tag","embeddable":true,"href":"https:\/\/atacamas.cl\/atc\/wp-json\/wp\/v2\/tags?post=338"}],"curies":[{"name":"wp","href":"https:\/\/api.w.org\/{rel}","templated":true}]}}