{"id":347,"date":"2023-05-16T14:29:00","date_gmt":"2023-05-16T14:29:00","guid":{"rendered":"https:\/\/atacamas.cl\/atc\/?p=347"},"modified":"2023-05-16T14:29:01","modified_gmt":"2023-05-16T14:29:01","slug":"fatal-accidente-carretero-en-vallenar","status":"publish","type":"post","link":"https:\/\/atacamas.cl\/atc\/fatal-accidente-carretero-en-vallenar\/","title":{"rendered":"Fatal Accidente Carretero en Vallenar"},"content":{"rendered":"\n<p>La Fiscal\u00eda de Atacama orden\u00f3 la ma\u00f1ana de este martes diligencias investigativas luego de un accidente carretero que dej\u00f3 como consecuencia una v\u00edctima fatal.<\/p>\n\n\n\n<p>De acuerdo con los antecedentes preliminares de este hecho, un cami\u00f3n que circulaba por la ruta C-46 desde Vallenar y en direcci\u00f3n a oeste y un veh\u00edculo menor que lo hac\u00eda en sentido contrario colisionaron a la altura del kil\u00f3metro 1 por causas que deber\u00e1n ser establecidas.<\/p>\n\n\n\n<p>\u201cA ra\u00edz de este siniestro falleci\u00f3 en el lugar el conductor del auto, mientras que un pasajero de este m\u00f3vil debi\u00f3 ser trasladado hasta un recinto asistencial. En tanto, el conductor del cami\u00f3n se mantiene bajo custodia de Carabineros a la espera de su declaraci\u00f3n y los peritajes respectivos que se realizar\u00e1n en este caso para establecer las causas y responsabilidades del siniestro\u201d, indic\u00f3 la vocera de la Fiscal\u00eda Regional, Rebeca Varas.<\/p>\n\n\n\n<p>En relaci\u00f3n al trabajo investigativo, Varas agreg\u00f3 que el fiscal de turno regional orden\u00f3 la concurrencia al lugar de personal de la Siat de Carabineros y el Servicio M\u00e9dico Legal para realizar el levantamiento del cuerpo de la persona lamentablemente fallecida.<\/p>\n","protected":false},"excerpt":{"rendered":"<p>La Fiscal\u00eda de Atacama orden\u00f3 la ma\u00f1ana de este martes diligencias investigativas luego de un<\/p>\n","protected":false},"author":2,"featured_media":348,"comment_status":"open","ping_status":"open","sticky":false,"template":"","format":"standard","meta":{"_acf_changed":false,"footnotes":""},"categories":[5],"tags":[],"class_list":["post-347","post","type-post","status-publish","format-standard","has-post-thumbnail","hentry","category-policial"],"acf":[],"_links":{"self":[{"href":"https:\/\/atacamas.cl\/atc\/wp-json\/wp\/v2\/posts\/347","targetHints":{"allow":["GET"]}}],"collection":[{"href":"https:\/\/atacamas.cl\/atc\/wp-json\/wp\/v2\/posts"}],"about":[{"href":"https:\/\/atacamas.cl\/atc\/wp-json\/wp\/v2\/types\/post"}],"author":[{"embeddable":true,"href":"https:\/\/atacamas.cl\/atc\/wp-json\/wp\/v2\/users\/2"}],"replies":[{"embeddable":true,"href":"https:\/\/atacamas.cl\/atc\/wp-json\/wp\/v2\/comments?post=347"}],"version-history":[{"count":0,"href":"https:\/\/atacamas.cl\/atc\/wp-json\/wp\/v2\/posts\/347\/revisions"}],"wp:featuredmedia":[{"embeddable":true,"href":"https:\/\/atacamas.cl\/atc\/wp-json\/wp\/v2\/media\/348"}],"wp:attachment":[{"href":"https:\/\/atacamas.cl\/atc\/wp-json\/wp\/v2\/media?parent=347"}],"wp:term":[{"taxonomy":"category","embeddable":true,"href":"https:\/\/atacamas.cl\/atc\/wp-json\/wp\/v2\/categories?post=347"},{"taxonomy":"post_tag","embeddable":true,"href":"https:\/\/atacamas.cl\/atc\/wp-json\/wp\/v2\/tags?post=347"}],"curies":[{"name":"wp","href":"https:\/\/api.w.org\/{rel}","templated":true}]}}