{"id":350,"date":"2023-05-18T14:56:35","date_gmt":"2023-05-18T14:56:35","guid":{"rendered":"https:\/\/atacamas.cl\/atc\/?p=350"},"modified":"2023-05-18T15:03:42","modified_gmt":"2023-05-18T15:03:42","slug":"guacolda-energia-financiara-viaje-a-deportistas-que-representaran-a-chile-en-mundial-trail-running-de-austria","status":"publish","type":"post","link":"https:\/\/atacamas.cl\/atc\/guacolda-energia-financiara-viaje-a-deportistas-que-representaran-a-chile-en-mundial-trail-running-de-austria\/","title":{"rendered":"Deportistas de la Provincia de Huasco Representar\u00e1n a Chile en Mundial Trail Running de Austria"},"content":{"rendered":"\n<p>Los deportistas Christian Sthefano Calder\u00f3n y Crist\u00f3bal Stack, recibieron la gran noticia que la empresa Guacolda Energ\u00eda financiara los pasajes que les permitir\u00e1n viajar al Campeonato Mundial de Mountain Running y Trail Running que se desarrollar\u00e1 desde el 6 al 10 de junio en Austria.<\/p>\n\n\n\n<p>Christian Sthefano Calder\u00f3n, representante de Huasco y actual seleccionado nacional, competir\u00e1 en categor\u00eda Trail Long de 88,6K y 5.554 metros de desnivel positivo. Su plan de entrenamiento considera salidas a cerros, pista atl\u00e9tica y ciclismo de ruta, adem\u00e1s de controles, alimentaci\u00f3n y ex\u00e1menes de fuerza.<\/p>\n\n\n\n<p>Por su parte, Crist\u00f3bal Stack, tambi\u00e9n seleccionado nacional representante de Alto del Carmen, participar\u00e1 en la modalidad kil\u00f3metro vertical 7,3 km con 1020 metros de desnivel positivo. Tras extensos recorridos en busca de sus animales en Junta de Valeriano, descubri\u00f3 el mundo de las carreras de monta\u00f1a y se aventur\u00f3 a participar de forma profesional el a\u00f1o 2022 logrando el primer lugar en el podio.<\/p>\n\n\n\n<p>Giselle Jelvez, jefa de Relacionamiento Comunitario y Comunicaciones, indic\u00f3 que \u201cen Guacolda Energ\u00eda nos sentimos tremendamente contentos de hoy tener iniciativas que fomenten y apoyen el desarrollo del deporte local, hemos trabajado con m\u00e1s de 15 organizaciones deportivas en implementaciones, equipamientos, indumentarias y traslados en sus competencias regionales, nacionales e internacionales. Hoy apoyar a Christian y a Crist\u00f3bal a lograr llegar al Mundial en Austria es parte de nuestro compromiso con el desarrollo sustentable de nuestro territorio\u201d.<\/p>\n","protected":false},"excerpt":{"rendered":"<p>Los deportistas Christian Sthefano Calder\u00f3n y Crist\u00f3bal Stack, recibieron la gran noticia que la empresa<\/p>\n","protected":false},"author":2,"featured_media":351,"comment_status":"open","ping_status":"open","sticky":false,"template":"","format":"standard","meta":{"_acf_changed":false,"footnotes":""},"categories":[2],"tags":[],"class_list":["post-350","post","type-post","status-publish","format-standard","has-post-thumbnail","hentry","category-deportes"],"acf":[],"_links":{"self":[{"href":"https:\/\/atacamas.cl\/atc\/wp-json\/wp\/v2\/posts\/350","targetHints":{"allow":["GET"]}}],"collection":[{"href":"https:\/\/atacamas.cl\/atc\/wp-json\/wp\/v2\/posts"}],"about":[{"href":"https:\/\/atacamas.cl\/atc\/wp-json\/wp\/v2\/types\/post"}],"author":[{"embeddable":true,"href":"https:\/\/atacamas.cl\/atc\/wp-json\/wp\/v2\/users\/2"}],"replies":[{"embeddable":true,"href":"https:\/\/atacamas.cl\/atc\/wp-json\/wp\/v2\/comments?post=350"}],"version-history":[{"count":0,"href":"https:\/\/atacamas.cl\/atc\/wp-json\/wp\/v2\/posts\/350\/revisions"}],"wp:featuredmedia":[{"embeddable":true,"href":"https:\/\/atacamas.cl\/atc\/wp-json\/wp\/v2\/media\/351"}],"wp:attachment":[{"href":"https:\/\/atacamas.cl\/atc\/wp-json\/wp\/v2\/media?parent=350"}],"wp:term":[{"taxonomy":"category","embeddable":true,"href":"https:\/\/atacamas.cl\/atc\/wp-json\/wp\/v2\/categories?post=350"},{"taxonomy":"post_tag","embeddable":true,"href":"https:\/\/atacamas.cl\/atc\/wp-json\/wp\/v2\/tags?post=350"}],"curies":[{"name":"wp","href":"https:\/\/api.w.org\/{rel}","templated":true}]}}