{"id":362,"date":"2023-05-19T23:12:18","date_gmt":"2023-05-19T23:12:18","guid":{"rendered":"https:\/\/atacamas.cl\/atc\/?p=362"},"modified":"2023-05-24T15:06:29","modified_gmt":"2023-05-24T15:06:29","slug":"fiscalia-obtuvo-prision-preventiva-para-imputados-detenidos-en-diego-de-almagro","status":"publish","type":"post","link":"https:\/\/atacamas.cl\/atc\/fiscalia-obtuvo-prision-preventiva-para-imputados-detenidos-en-diego-de-almagro\/","title":{"rendered":"Prisi\u00f3n Preventiva Para Imputados Detenidos en Diego de Almagro"},"content":{"rendered":"\n<p>La Fiscal\u00eda de Atacama formaliz\u00f3 la investigaci\u00f3n por la comisi\u00f3n de distintos delitos en contra de cuatro personas, tres hombres y una mujer, quienes fueron detenidos en la comuna de Diego de Almagro.<\/p>\n\n\n\n<p>De acuerdo con los antecedentes de esta causa que dirige la Fiscal\u00eda, a partir de un control policial a un veh\u00edculo que era conducido por la imputada, uno de los ocupantes del m\u00f3vil se dio a la fuga con un arma de apariencia de fuego y una mochila, advirtiendo el personal su ingreso a un domicilio que result\u00f3 ser de la mujer que conduc\u00eda el auto.<\/p>\n\n\n\n<p>\u201cA partir de este hecho y frente a un delito flagrante en el interior de este domicilio se incaut\u00f3 un arma de fuego y la mochila en cuyo interior hab\u00eda dosis de marihuana, mientras que sobre una mesa permanec\u00edan m\u00e1s de 230 gramos de pasta base de coca\u00edna, 440 gramos de clorhidrato de coca\u00edna y un frasco con 755 gramos de marihuana a granel\u201d, indic\u00f3 la vocera de la Fiscal\u00eda Regional, Rebeca Varas.<\/p>\n\n\n\n<p>En este procedimiento de detuvo adem\u00e1s a los ocupantes del veh\u00edculo, para luego el Ministerio P\u00fablico ordenar las diligencias indagatorias respectivas con la finalidad de establecer otros antecedentes para agregar a la carpeta de este caso, mientras se solicit\u00f3 la ampliaci\u00f3n de la detenci\u00f3n de los involucrados para favorecer el trabajo destinado a reunir medios de prueba y no afectar el desarrollo de la investigaci\u00f3n.<\/p>\n\n\n\n<p>FORMALIZACI\u00d3N<\/p>\n\n\n\n<p>Varas indic\u00f3 que una vez que la Fiscal\u00eda Local de Diego de Almagro pudo establecer la din\u00e1mica de los hechos indagados, argument\u00f3 los antecedentes en la audiencia de formalizaci\u00f3n en contra de todos los detenidos por su participaci\u00f3n consumada en los delitos de tr\u00e1fico de droga, infracci\u00f3n a la Ley de Armas, porte de arma blanca y tenencia ilegal de arma de fuego y municiones, audiencia en que se calific\u00f3 a todos los detenidos como un peligro para la seguridad de la sociedad solicitando imponer en su contra la medida cautelar de prisi\u00f3n preventiva.<\/p>\n\n\n\n<p>Dicha cautelar fue aplicada por la Jueza de turno en contra de los tres hombres detenidos, quienes quedaron privados de libertad en la c\u00e1rcel de Cha\u00f1aral. Respecto de la mujer el Tribunal rechaz\u00f3 la solicitud determinando un arresto total en su domicilio. Frente a ello, la Fiscal\u00eda recurri\u00f3 ante la Corte de Apelaciones de Copiap\u00f3, instancia judicial en que se revirti\u00f3 la decisi\u00f3n de primera instancia del Juzgado de Garant\u00eda de Diego de Almagro determinando el m\u00e1ximo Tribunal de la regi\u00f3n que la imputada debe cumplir prisi\u00f3n preventiva durante el plazo que se extienda la investigaci\u00f3n de estos hechos<\/p>\n","protected":false},"excerpt":{"rendered":"<p>La Fiscal\u00eda de Atacama formaliz\u00f3 la investigaci\u00f3n por la comisi\u00f3n de distintos delitos en contra<\/p>\n","protected":false},"author":2,"featured_media":366,"comment_status":"open","ping_status":"open","sticky":false,"template":"","format":"standard","meta":{"_acf_changed":false,"footnotes":""},"categories":[5],"tags":[],"class_list":["post-362","post","type-post","status-publish","format-standard","has-post-thumbnail","hentry","category-policial"],"acf":[],"_links":{"self":[{"href":"https:\/\/atacamas.cl\/atc\/wp-json\/wp\/v2\/posts\/362","targetHints":{"allow":["GET"]}}],"collection":[{"href":"https:\/\/atacamas.cl\/atc\/wp-json\/wp\/v2\/posts"}],"about":[{"href":"https:\/\/atacamas.cl\/atc\/wp-json\/wp\/v2\/types\/post"}],"author":[{"embeddable":true,"href":"https:\/\/atacamas.cl\/atc\/wp-json\/wp\/v2\/users\/2"}],"replies":[{"embeddable":true,"href":"https:\/\/atacamas.cl\/atc\/wp-json\/wp\/v2\/comments?post=362"}],"version-history":[{"count":0,"href":"https:\/\/atacamas.cl\/atc\/wp-json\/wp\/v2\/posts\/362\/revisions"}],"wp:featuredmedia":[{"embeddable":true,"href":"https:\/\/atacamas.cl\/atc\/wp-json\/wp\/v2\/media\/366"}],"wp:attachment":[{"href":"https:\/\/atacamas.cl\/atc\/wp-json\/wp\/v2\/media?parent=362"}],"wp:term":[{"taxonomy":"category","embeddable":true,"href":"https:\/\/atacamas.cl\/atc\/wp-json\/wp\/v2\/categories?post=362"},{"taxonomy":"post_tag","embeddable":true,"href":"https:\/\/atacamas.cl\/atc\/wp-json\/wp\/v2\/tags?post=362"}],"curies":[{"name":"wp","href":"https:\/\/api.w.org\/{rel}","templated":true}]}}