{"id":373,"date":"2023-05-24T20:31:26","date_gmt":"2023-05-24T20:31:26","guid":{"rendered":"https:\/\/atacamas.cl\/atc\/?p=373"},"modified":"2023-05-24T20:35:51","modified_gmt":"2023-05-24T20:35:51","slug":"radio-club-el-salvador-suma-iniciativas-para-mejorar-enlaces-de-comunicacion-y-actuar-frente-a-emergencias","status":"publish","type":"post","link":"https:\/\/atacamas.cl\/atc\/radio-club-el-salvador-suma-iniciativas-para-mejorar-enlaces-de-comunicacion-y-actuar-frente-a-emergencias\/","title":{"rendered":"Radio Club El Salvador Suma Iniciativas Para Mejorar Enlaces de Comunicaci\u00f3n y Actuar Frente a Emergencias"},"content":{"rendered":"\n<p>La compra de nuevos equipos port\u00e1tiles para sus socios y los avances en la instalaci\u00f3n de un nuevo repetidor en el cerro Vicu\u00f1a (ubicado en Potrerillos a m\u00e1s de 4.000 m.s.n.m.), son solo algunas de las iniciativas que est\u00e1 desarrollando el Radio Club El Salvador (CE1ESV).<\/p>\n\n\n\n<p>Esta agrupaci\u00f3n de radioaficionados, fue fundada en abril de 1981 y en la actualidad est\u00e1 integrada, en su mayor\u00eda, por trabajadores propios y colaboradores de la Divisi\u00f3n Salvador de Codelco. Muchos de ellos tambi\u00e9n son aficionados a veh\u00edculos todo terreno, lo que les ha ayudado a ser protagonistas en diversos rescates de personas en la cordillera de Atacama.<\/p>\n\n\n\n<p>Andr\u00e9s P\u00e1ez, presidente del Radio Club El Salvador, detall\u00f3 que sus principales desaf\u00edos para este a\u00f1o son seguir impulsando la radiocomunicaci\u00f3n como un canal muy \u00fatil para enfrentar emergencias. Para ello, tambi\u00e9n tienen en carpeta solicitar encuentros de coordinaci\u00f3n con el Servicio Nacional de Prevenci\u00f3n Ante Desastres (SENAPRED) y otras instituciones de la regi\u00f3n.<\/p>\n\n\n\n<p>\u201cNuestra directiva se constituy\u00f3 en marzo y recientemente hemos comprado nuevos equipos port\u00e1tiles para nuestros socios y as\u00ed seguir d\u00e1ndole impulso a la radioafici\u00f3n en esta zona. Como agrupaci\u00f3n, tambi\u00e9n tenemos el desaf\u00edo de instalar un nuevo repetidor en el cerro Vicu\u00f1a y para operativizar la ruta de acceso, hemos tenido el apoyo de distintos estamentos. Muy pronto esperamos tener instalada la caseta con los equipos y dejar todo listo para empezar con las pruebas t\u00e9cnicas\u201d, explic\u00f3 P\u00e1ez.<\/p>\n\n\n\n<p><strong>COMUNICACI\u00d3N QUE SALVA VIDAS<\/strong><\/p>\n\n\n\n<p>El Radio Club El Salvador no solo ha tenido participaci\u00f3n en el rescate de personas extraviadas en la alta cordillera. Tambi\u00e9n tuvieron un rol fundamental durante los primeros d\u00edas de la emergencia clim\u00e1tica del aluvi\u00f3n de marzo de 2015.<\/p>\n\n\n\n<p>Cuando el tr\u00e1nsito entre las comunas estuvo interrumpido y no hab\u00eda red el\u00e9ctrica, telefon\u00eda ni mucho menos internet, ellos fueron los primeros en brindar un desinteresado y vital servicio comunitario, generando enlaces de comunicaci\u00f3n con toda la provincia de Cha\u00f1aral,<\/p>\n\n\n\n<p>Actualmente, la directiva de Radio Club El Salvador est\u00e1 conformada por Andr\u00e9s P\u00e1ez, presidente; Sebasti\u00e1n Arancibia, secretario; Franklin P\u00e1ez, tesorero; Ra\u00fal Y\u00e1\u00f1ez, primer director y Jorge Silva, segundo director.<\/p>\n\n\n\n<p>Radio Club El Salvador, una instituci\u00f3n que, pese a la nueva era de tecnolog\u00edas digitales, se mantiene firme como medio de comunicaci\u00f3n eficaz para enfrentar emergencias en nuestro pa\u00eds.<\/p>\n","protected":false},"excerpt":{"rendered":"<p>La compra de nuevos equipos port\u00e1tiles para sus socios y los avances en la instalaci\u00f3n<\/p>\n","protected":false},"author":2,"featured_media":374,"comment_status":"open","ping_status":"open","sticky":false,"template":"","format":"standard","meta":{"_acf_changed":false,"footnotes":""},"categories":[7],"tags":[],"class_list":["post-373","post","type-post","status-publish","format-standard","has-post-thumbnail","hentry","category-miscelaneo"],"acf":[],"_links":{"self":[{"href":"https:\/\/atacamas.cl\/atc\/wp-json\/wp\/v2\/posts\/373","targetHints":{"allow":["GET"]}}],"collection":[{"href":"https:\/\/atacamas.cl\/atc\/wp-json\/wp\/v2\/posts"}],"about":[{"href":"https:\/\/atacamas.cl\/atc\/wp-json\/wp\/v2\/types\/post"}],"author":[{"embeddable":true,"href":"https:\/\/atacamas.cl\/atc\/wp-json\/wp\/v2\/users\/2"}],"replies":[{"embeddable":true,"href":"https:\/\/atacamas.cl\/atc\/wp-json\/wp\/v2\/comments?post=373"}],"version-history":[{"count":0,"href":"https:\/\/atacamas.cl\/atc\/wp-json\/wp\/v2\/posts\/373\/revisions"}],"wp:featuredmedia":[{"embeddable":true,"href":"https:\/\/atacamas.cl\/atc\/wp-json\/wp\/v2\/media\/374"}],"wp:attachment":[{"href":"https:\/\/atacamas.cl\/atc\/wp-json\/wp\/v2\/media?parent=373"}],"wp:term":[{"taxonomy":"category","embeddable":true,"href":"https:\/\/atacamas.cl\/atc\/wp-json\/wp\/v2\/categories?post=373"},{"taxonomy":"post_tag","embeddable":true,"href":"https:\/\/atacamas.cl\/atc\/wp-json\/wp\/v2\/tags?post=373"}],"curies":[{"name":"wp","href":"https:\/\/api.w.org\/{rel}","templated":true}]}}