{"id":384,"date":"2023-06-02T02:09:14","date_gmt":"2023-06-02T02:09:14","guid":{"rendered":"https:\/\/atacamas.cl\/atc\/?p=384"},"modified":"2023-06-02T02:09:14","modified_gmt":"2023-06-02T02:09:14","slug":"el-bus-de-la-justicia-y-funcionarios-de-tribunales-atenderan-en-tierra-amarilla","status":"publish","type":"post","link":"https:\/\/atacamas.cl\/atc\/el-bus-de-la-justicia-y-funcionarios-de-tribunales-atenderan-en-tierra-amarilla\/","title":{"rendered":"El Bus de la Justicia y Funcionarios de Tribunales Atender\u00e1n en Tierra Amarilla"},"content":{"rendered":"\n<p>En su tercer d\u00eda de gira por la regi\u00f3n de Atacama, este viernes 2 de junio el Bus de la Justicia ofrecer\u00e1 atenciones en la comuna de Tierra Amarilla.<\/p>\n\n\n\n<p>La plaza de la ciudad acoger\u00e1 al mencionado bus, junto con una delegaci\u00f3n de funcionarios y funcionarias de tribunales de Copiap\u00f3, que recibir\u00e1n las consultas de la ciudadan\u00eda tal como ocurri\u00f3 en Copiap\u00f3 y en la localidad Hacienda San Pedro.<\/p>\n\n\n\n<p>Las personas podr\u00e1n aclarar dudas en materia penal, con temas como la eliminaci\u00f3n de antecedentes o consultas de causas; en materia civil temas como cambio de nombre o apellido, deudas, herencia, posesi\u00f3n efectiva o quiebra.<\/p>\n\n\n\n<p>En cuanto al \u00e1mbito de Familia, se puede recibir orientaci\u00f3n en pensi\u00f3n de alimentos, cuidado personal del ni\u00f1o, ni\u00f1a o adolescente; divorcio; retenci\u00f3n del 10 por ciento de los fondos previsionales o la ley de co-responsabilidad parental.<\/p>\n\n\n\n<p>En materia Laboral se puede consultar sobre despido injustificado, fuero laboral, indemnizaci\u00f3n por a\u00f1os de servicios o cobranza de deudas previsionales, entre otros.<\/p>\n\n\n\n<p>Asimismo, se contar\u00e1 con un stand del Conservador de Bienes Ra\u00edces de Copiap\u00f3, que tal como ocurri\u00f3 en Copiap\u00f3 y Hacienda San Pedro efectuar\u00e1 atenciones gratuitas.<\/p>\n\n\n\n<p>La delegaci\u00f3n judicial atender\u00e1 sin costo alguno en la Plaza de Tierra Amarilla, a un costado de la Municipalidad entre las 09:00 y las 13:30 horas.<\/p>\n","protected":false},"excerpt":{"rendered":"<p>En su tercer d\u00eda de gira por la regi\u00f3n de Atacama, este viernes 2 de<\/p>\n","protected":false},"author":2,"featured_media":385,"comment_status":"open","ping_status":"open","sticky":false,"template":"","format":"standard","meta":{"_acf_changed":false,"footnotes":""},"categories":[23],"tags":[],"class_list":["post-384","post","type-post","status-publish","format-standard","has-post-thumbnail","hentry","category-actualidad-regional"],"acf":[],"_links":{"self":[{"href":"https:\/\/atacamas.cl\/atc\/wp-json\/wp\/v2\/posts\/384","targetHints":{"allow":["GET"]}}],"collection":[{"href":"https:\/\/atacamas.cl\/atc\/wp-json\/wp\/v2\/posts"}],"about":[{"href":"https:\/\/atacamas.cl\/atc\/wp-json\/wp\/v2\/types\/post"}],"author":[{"embeddable":true,"href":"https:\/\/atacamas.cl\/atc\/wp-json\/wp\/v2\/users\/2"}],"replies":[{"embeddable":true,"href":"https:\/\/atacamas.cl\/atc\/wp-json\/wp\/v2\/comments?post=384"}],"version-history":[{"count":0,"href":"https:\/\/atacamas.cl\/atc\/wp-json\/wp\/v2\/posts\/384\/revisions"}],"wp:featuredmedia":[{"embeddable":true,"href":"https:\/\/atacamas.cl\/atc\/wp-json\/wp\/v2\/media\/385"}],"wp:attachment":[{"href":"https:\/\/atacamas.cl\/atc\/wp-json\/wp\/v2\/media?parent=384"}],"wp:term":[{"taxonomy":"category","embeddable":true,"href":"https:\/\/atacamas.cl\/atc\/wp-json\/wp\/v2\/categories?post=384"},{"taxonomy":"post_tag","embeddable":true,"href":"https:\/\/atacamas.cl\/atc\/wp-json\/wp\/v2\/tags?post=384"}],"curies":[{"name":"wp","href":"https:\/\/api.w.org\/{rel}","templated":true}]}}