{"id":392,"date":"2023-06-06T01:00:37","date_gmt":"2023-06-06T01:00:37","guid":{"rendered":"https:\/\/atacamas.cl\/atc\/?p=392"},"modified":"2023-06-06T01:05:20","modified_gmt":"2023-06-06T01:05:20","slug":"vallenar-fiscalia-formalizo-a-imputado-por-su-participacion-en-un-delito-de-robo-a-una-joyeria","status":"publish","type":"post","link":"https:\/\/atacamas.cl\/atc\/vallenar-fiscalia-formalizo-a-imputado-por-su-participacion-en-un-delito-de-robo-a-una-joyeria\/","title":{"rendered":"Vallenar: Fiscal\u00eda Formaliz\u00f3 a Imputado por su Participaci\u00f3n en un Delito de Robo a una Joyer\u00eda"},"content":{"rendered":"\n<p>La Fiscal\u00eda Local de Vallenar formaliz\u00f3 la investigaci\u00f3n en contra de un imputado, quien de acuerdo con los antecedentes que se indagan tuvo participaci\u00f3n consumada en un delito de robo con violencia.<\/p>\n\n\n\n<p>Los hechos fueron argumentados en la audiencia por el fiscal adjunto de esta ciudad, Nicol\u00e1s Mel\u00e9ndez, quien indic\u00f3 que el d\u00eda 29 de marzo de este a\u00f1o alrededor de las 12:40 horas el imputado lleg\u00f3 en calidad de cliente a una joyer\u00eda ubicada en calle Arturo Prat, solicitando a la v\u00edctima ver y conocer precios de algunas joyas dispuestas para la venta en este local comercial.<\/p>\n\n\n\n<p>\u201cSeg\u00fan la investigaci\u00f3n que dirige la Fiscal\u00eda Local de esta ciudad el imputado intent\u00f3 sustraer una manga con distintas cadenas, acci\u00f3n que fue impedida por la v\u00edctima quien evit\u00f3 la ocurrencia del delito, sufriendo lesiones al originarse un forcejeo entre ella y el agresor.<\/p>\n\n\n\n<p>Momento en que la afectada solicit\u00f3 ayuda, llegando al lugar varios testigos que originaron que el imputado se diera a la fuga\u201d, dijo Mel\u00e9ndez.<\/p>\n\n\n\n<p>DETENCI\u00d3N<\/p>\n\n\n\n<p>A partir de la comisi\u00f3n de este delito la Fiscal\u00eda orden\u00f3 las diligencias investigativas respectivas, adem\u00e1s de solicitar al Juez de Garant\u00eda de esta ciudad una orden de detenci\u00f3n en contra del autor, la que fue concretada por personal de la SIP de Carabineros.<\/p>\n\n\n\n<p>De esta manera la Fiscal\u00eda comunic\u00f3 los hechos por los que est\u00e1 siendo investigado el imputado, quien fue formalizado por su participaci\u00f3n en un robo con violencia. Solicitando y obteniendo en su contra la medida cautelar de prisi\u00f3n preventiva, por lo que el Tribunal orden\u00f3 su ingreso a la c\u00e1rcel de esta ciudad fijando un plazo de investigaci\u00f3n de 30 d\u00edas.<\/p>\n","protected":false},"excerpt":{"rendered":"<p>La Fiscal\u00eda Local de Vallenar formaliz\u00f3 la investigaci\u00f3n en contra de un imputado, quien de<\/p>\n","protected":false},"author":2,"featured_media":395,"comment_status":"open","ping_status":"open","sticky":false,"template":"","format":"standard","meta":{"_acf_changed":false,"footnotes":""},"categories":[5],"tags":[],"class_list":["post-392","post","type-post","status-publish","format-standard","has-post-thumbnail","hentry","category-policial"],"acf":[],"_links":{"self":[{"href":"https:\/\/atacamas.cl\/atc\/wp-json\/wp\/v2\/posts\/392","targetHints":{"allow":["GET"]}}],"collection":[{"href":"https:\/\/atacamas.cl\/atc\/wp-json\/wp\/v2\/posts"}],"about":[{"href":"https:\/\/atacamas.cl\/atc\/wp-json\/wp\/v2\/types\/post"}],"author":[{"embeddable":true,"href":"https:\/\/atacamas.cl\/atc\/wp-json\/wp\/v2\/users\/2"}],"replies":[{"embeddable":true,"href":"https:\/\/atacamas.cl\/atc\/wp-json\/wp\/v2\/comments?post=392"}],"version-history":[{"count":0,"href":"https:\/\/atacamas.cl\/atc\/wp-json\/wp\/v2\/posts\/392\/revisions"}],"wp:featuredmedia":[{"embeddable":true,"href":"https:\/\/atacamas.cl\/atc\/wp-json\/wp\/v2\/media\/395"}],"wp:attachment":[{"href":"https:\/\/atacamas.cl\/atc\/wp-json\/wp\/v2\/media?parent=392"}],"wp:term":[{"taxonomy":"category","embeddable":true,"href":"https:\/\/atacamas.cl\/atc\/wp-json\/wp\/v2\/categories?post=392"},{"taxonomy":"post_tag","embeddable":true,"href":"https:\/\/atacamas.cl\/atc\/wp-json\/wp\/v2\/tags?post=392"}],"curies":[{"name":"wp","href":"https:\/\/api.w.org\/{rel}","templated":true}]}}