{"id":396,"date":"2023-06-06T16:32:38","date_gmt":"2023-06-06T16:32:38","guid":{"rendered":"https:\/\/atacamas.cl\/atc\/?p=396"},"modified":"2023-06-06T16:32:38","modified_gmt":"2023-06-06T16:32:38","slug":"diego-de-almagro-en-prision-preventiva-sujeto-imputado-por-distintos-delitos","status":"publish","type":"post","link":"https:\/\/atacamas.cl\/atc\/diego-de-almagro-en-prision-preventiva-sujeto-imputado-por-distintos-delitos\/","title":{"rendered":"Diego de Almagro: En Prisi\u00f3n Preventiva Sujeto Imputado por Distintos Delitos"},"content":{"rendered":"\n<p>Bajo la medida cautelar de prisi\u00f3n preventiva qued\u00f3 un imputado en contra de quien la Fiscal\u00eda Local de Diego de Almagro formaliz\u00f3 investigaci\u00f3n por su participaci\u00f3n en distintos delitos.<\/p>\n\n\n\n<p>De acuerdo con los antecedentes conocidos en la audiencia desarrollada ante el Juzgado de Garant\u00eda de esta ciudad y que fue asumida por el fiscal jefe de esta comuna, Fernando Pino, la madrugada de este domingo el imputado fue sorprendido en los momentos en que intentaba sustraer un veh\u00edculo que se encontraba estacionado en la v\u00eda p\u00fablica. \u201cPosterior a esta acci\u00f3n, el detenido ingres\u00f3 hasta las dependencias de una sede vecinal de esta localidad concretando la sustracci\u00f3n de distintas especies siendo luego detenido por personal de Carabineros\u201d, dijo el fiscal.<\/p>\n\n\n\n<p>FORMALIZACI\u00d3N<\/p>\n\n\n\n<p>En la audiencia la Fiscal\u00eda argument\u00f3 que, a partir de la detenci\u00f3n de esta persona quien cuenta con antecedentes penales, se orden\u00f3 el trabajo cient\u00edfico de Labocar de Carabineros, labor que se sum\u00f3 a la toma de declaraciones a testigos. Antecedentes que llevaron a acreditar la participaci\u00f3n del detenido en ambos hechos, motivo por el que fue formalizado por los delitos de robo de veh\u00edculo motorizado y robo en lugar no habitado.<\/p>\n\n\n\n<p>\u201cEn este caso y ante solicitud de la Fiscal\u00eda, considerando la multitud de delitos y sus antecedentes penales, el Tribunal decret\u00f3 la prisi\u00f3n preventiva del imputado quien permanecer\u00e1 privado de libertad durante el periodo que se extienda la investigaci\u00f3n de estos casos\u201d, indic\u00f3 el fiscal.<\/p>\n","protected":false},"excerpt":{"rendered":"<p>Bajo la medida cautelar de prisi\u00f3n preventiva qued\u00f3 un imputado en contra de quien la<\/p>\n","protected":false},"author":2,"featured_media":397,"comment_status":"open","ping_status":"open","sticky":false,"template":"","format":"standard","meta":{"_acf_changed":false,"footnotes":""},"categories":[5],"tags":[],"class_list":["post-396","post","type-post","status-publish","format-standard","has-post-thumbnail","hentry","category-policial"],"acf":[],"_links":{"self":[{"href":"https:\/\/atacamas.cl\/atc\/wp-json\/wp\/v2\/posts\/396","targetHints":{"allow":["GET"]}}],"collection":[{"href":"https:\/\/atacamas.cl\/atc\/wp-json\/wp\/v2\/posts"}],"about":[{"href":"https:\/\/atacamas.cl\/atc\/wp-json\/wp\/v2\/types\/post"}],"author":[{"embeddable":true,"href":"https:\/\/atacamas.cl\/atc\/wp-json\/wp\/v2\/users\/2"}],"replies":[{"embeddable":true,"href":"https:\/\/atacamas.cl\/atc\/wp-json\/wp\/v2\/comments?post=396"}],"version-history":[{"count":0,"href":"https:\/\/atacamas.cl\/atc\/wp-json\/wp\/v2\/posts\/396\/revisions"}],"wp:featuredmedia":[{"embeddable":true,"href":"https:\/\/atacamas.cl\/atc\/wp-json\/wp\/v2\/media\/397"}],"wp:attachment":[{"href":"https:\/\/atacamas.cl\/atc\/wp-json\/wp\/v2\/media?parent=396"}],"wp:term":[{"taxonomy":"category","embeddable":true,"href":"https:\/\/atacamas.cl\/atc\/wp-json\/wp\/v2\/categories?post=396"},{"taxonomy":"post_tag","embeddable":true,"href":"https:\/\/atacamas.cl\/atc\/wp-json\/wp\/v2\/tags?post=396"}],"curies":[{"name":"wp","href":"https:\/\/api.w.org\/{rel}","templated":true}]}}