{"id":399,"date":"2023-06-07T02:08:58","date_gmt":"2023-06-07T02:08:58","guid":{"rendered":"https:\/\/atacamas.cl\/atc\/?p=399"},"modified":"2023-06-07T02:09:55","modified_gmt":"2023-06-07T02:09:55","slug":"en-prision-preventiva-conductor-que-protagonizo-accidente-en-que-murieron-cuatro-personas","status":"publish","type":"post","link":"https:\/\/atacamas.cl\/atc\/en-prision-preventiva-conductor-que-protagonizo-accidente-en-que-murieron-cuatro-personas\/","title":{"rendered":"En Prisi\u00f3n Preventiva Conductor que Protagoniz\u00f3 Accidente en que Murieron Cuatro Personas"},"content":{"rendered":"\n<p>La Fiscal\u00eda de Atacama formaliz\u00f3 la investigaci\u00f3n en contra del conductor que el pasado 16 de abril protagoniz\u00f3 un grave accidente de tr\u00e1nsito en la ruta que une a Copiap\u00f3 con Inca de Oro y que dej\u00f3 como consecuencia cuatro v\u00edctimas fatales y dos personas heridas de gravedad.<\/p>\n\n\n\n<p>Seg\u00fan los antecedentes argumentados en la audiencia en que se comunicaron los cargos en contra del detenido, ese d\u00eda alrededor de las 19:30 horas conduc\u00eda el auto Mitsubishi de color blanco por la CH-31 en direcci\u00f3n a la capital regional, ocasi\u00f3n en que al llegar al kil\u00f3metro 8 de esta v\u00eda perdi\u00f3 el control del m\u00f3vil para luego desviarse a su izquierda, traspasando el eje central de la calzada colisionando de manera frontal al auto que circulaba en direcci\u00f3n contraria.<\/p>\n\n\n\n<p>\u201cProducto de esta colisi\u00f3n fallecieron en el lugar tres personas adultas que ocupaban el auto colisionado por el imputado, mientras que un menor de edad result\u00f3 herido de gravedad. En tanto una cuarta persona que viajaba en el auto que era conducido por el investigado, sufri\u00f3 heridas de gravedad que ocasionaron su fallecimiento en el lugar\u201d, indic\u00f3 el fiscal adjunto de esta ciudad, Luis Miranda Flores.<\/p>\n\n\n\n<p>DILIGENCIAS<\/p>\n\n\n\n<p>A partir de este accidente la Fiscal\u00eda orden\u00f3 distintas diligencias investigativas a personal de la Siat de Carabineros, quienes trabajaron en el lugar del violento impacto con la finalidad de establecer la din\u00e1mica del accidente. Junto con ello, horas despu\u00e9s del hecho el imputado fue sometido a la toma de muestras en el Hospital Regional cuyos resultados arrojaron positivo para la presencia de marihuana, adem\u00e1s de no contar con Licencia de Conducir.<\/p>\n\n\n\n<p>A partir de esta evidencia, la Fiscal\u00eda de Atacama formaliz\u00f3 al conductor por su responsabilidad en los delitos de manejo bajo la influencia de sustancias estupefacientes con resultado de muerte y lesiones graves, solicitando en su contra la medida cautelar de prisi\u00f3n preventiva.<\/p>\n\n\n\n<p>Petici\u00f3n que fue acogida por el Juez de turno, quien decret\u00f3 el ingreso del conductor a la c\u00e1rcel de esta ciudad donde permanecer\u00e1 privado de libertad durante el desarrollo del resto de la investigaci\u00f3n de este caso.<\/p>\n","protected":false},"excerpt":{"rendered":"<p>La Fiscal\u00eda de Atacama formaliz\u00f3 la investigaci\u00f3n en contra del conductor que el pasado 16<\/p>\n","protected":false},"author":2,"featured_media":400,"comment_status":"open","ping_status":"open","sticky":false,"template":"","format":"standard","meta":{"_acf_changed":false,"footnotes":""},"categories":[5],"tags":[],"class_list":["post-399","post","type-post","status-publish","format-standard","has-post-thumbnail","hentry","category-policial"],"acf":[],"_links":{"self":[{"href":"https:\/\/atacamas.cl\/atc\/wp-json\/wp\/v2\/posts\/399","targetHints":{"allow":["GET"]}}],"collection":[{"href":"https:\/\/atacamas.cl\/atc\/wp-json\/wp\/v2\/posts"}],"about":[{"href":"https:\/\/atacamas.cl\/atc\/wp-json\/wp\/v2\/types\/post"}],"author":[{"embeddable":true,"href":"https:\/\/atacamas.cl\/atc\/wp-json\/wp\/v2\/users\/2"}],"replies":[{"embeddable":true,"href":"https:\/\/atacamas.cl\/atc\/wp-json\/wp\/v2\/comments?post=399"}],"version-history":[{"count":0,"href":"https:\/\/atacamas.cl\/atc\/wp-json\/wp\/v2\/posts\/399\/revisions"}],"wp:featuredmedia":[{"embeddable":true,"href":"https:\/\/atacamas.cl\/atc\/wp-json\/wp\/v2\/media\/400"}],"wp:attachment":[{"href":"https:\/\/atacamas.cl\/atc\/wp-json\/wp\/v2\/media?parent=399"}],"wp:term":[{"taxonomy":"category","embeddable":true,"href":"https:\/\/atacamas.cl\/atc\/wp-json\/wp\/v2\/categories?post=399"},{"taxonomy":"post_tag","embeddable":true,"href":"https:\/\/atacamas.cl\/atc\/wp-json\/wp\/v2\/tags?post=399"}],"curies":[{"name":"wp","href":"https:\/\/api.w.org\/{rel}","templated":true}]}}