{"id":402,"date":"2023-06-07T20:54:16","date_gmt":"2023-06-07T20:54:16","guid":{"rendered":"https:\/\/atacamas.cl\/atc\/?p=402"},"modified":"2023-06-07T21:06:40","modified_gmt":"2023-06-07T21:06:40","slug":"el-salado-compania-capstone-copper-lamenta-el-fallecimiento-de-cuatro-trabajadores-de-mantoverde","status":"publish","type":"post","link":"https:\/\/atacamas.cl\/atc\/el-salado-compania-capstone-copper-lamenta-el-fallecimiento-de-cuatro-trabajadores-de-mantoverde\/","title":{"rendered":"El Salado: Compa\u00f1\u00eda Capstone Copper Lamenta el Fallecimiento de Cuatro Trabajadores de Mantoverde"},"content":{"rendered":"\n<p>A trav\u00e9s de un comunicado interno, la Compa\u00f1\u00eda Capstone Copper lament\u00f3 el fallecimiento de cuatro trabajadores de la mina Mantoverde, quienes esta ma\u00f1ana al finalizar su turno laboral tuvieron un accidente de tr\u00e1nsito cuando se dirig\u00edan hacia Copiap\u00f3.<\/p>\n\n\n\n<p>Los trabajadores, identificados como Patricio Guarda Lague, Pedro Godoy Alfaro, Cristhian Cerda Rivera y V\u00edctor Ar\u00f3stica Dominguez, se dirig\u00edan a sus hogares en un veh\u00edculo particular, el que por causas que se investigan colision\u00f3 frontalmente con un cami\u00f3n de transporte de \u00e1cido sulf\u00farico, en el Km 5 de la ruta C-211, sector Portezuelo Varilla.<\/p>\n\n\n\n<p>\u201cNuestra empresa, en particular la Gerencia Mina y todo su equipo humano se encuentran muy afectados y lamentan profundamente la partida de estas personas, confiando que sus familias y cercanos encuentren consuelo en estos dif\u00edciles momentos\u201d, indica el comunicado, firmado por su gerente de Recursos Humanos y Asuntos Corporativos, Humberto Fernandois.<\/p>\n\n\n\n<p>INVESTIGACI\u00d3N<\/p>\n\n\n\n<p>Debido a la gravedad del accidente se traslad\u00f3 hasta el sector el fiscal (s) de Cha\u00f1aral, Diego Soto, quien indic\u00f3 que \u201cla Fiscal\u00eda de Atacama orden\u00f3 el trabajo de personal especializado de Carabineros para poder establecer la din\u00e1mica del accidente y la causa basal de \u00e9ste. Mientras que personal del Servicio M\u00e9dico Legal procedi\u00f3 con el levantamiento de los cuerpos para realizar los peritajes respectivos y concretar su posterior entrega a sus familiares\u201d.<\/p>\n\n\n\n<p>Respecto del cami\u00f3n el fiscal indic\u00f3 que se trata de una m\u00e1quina de transporte de \u00e1cido sulf\u00farico que circulaba sin carga, cuyo conductor prest\u00f3 declaraci\u00f3n para sumar esa versi\u00f3n a la carpeta investigativa de este caso y que se complementar\u00e1 con el resultado de las diligencias ordenadas a Carabineros.<\/p>\n","protected":false},"excerpt":{"rendered":"<p>A trav\u00e9s de un comunicado interno, la Compa\u00f1\u00eda Capstone Copper lament\u00f3 el fallecimiento de cuatro<\/p>\n","protected":false},"author":2,"featured_media":403,"comment_status":"open","ping_status":"open","sticky":false,"template":"","format":"standard","meta":{"_acf_changed":false,"footnotes":""},"categories":[5],"tags":[],"class_list":["post-402","post","type-post","status-publish","format-standard","has-post-thumbnail","hentry","category-policial"],"acf":[],"_links":{"self":[{"href":"https:\/\/atacamas.cl\/atc\/wp-json\/wp\/v2\/posts\/402","targetHints":{"allow":["GET"]}}],"collection":[{"href":"https:\/\/atacamas.cl\/atc\/wp-json\/wp\/v2\/posts"}],"about":[{"href":"https:\/\/atacamas.cl\/atc\/wp-json\/wp\/v2\/types\/post"}],"author":[{"embeddable":true,"href":"https:\/\/atacamas.cl\/atc\/wp-json\/wp\/v2\/users\/2"}],"replies":[{"embeddable":true,"href":"https:\/\/atacamas.cl\/atc\/wp-json\/wp\/v2\/comments?post=402"}],"version-history":[{"count":0,"href":"https:\/\/atacamas.cl\/atc\/wp-json\/wp\/v2\/posts\/402\/revisions"}],"wp:featuredmedia":[{"embeddable":true,"href":"https:\/\/atacamas.cl\/atc\/wp-json\/wp\/v2\/media\/403"}],"wp:attachment":[{"href":"https:\/\/atacamas.cl\/atc\/wp-json\/wp\/v2\/media?parent=402"}],"wp:term":[{"taxonomy":"category","embeddable":true,"href":"https:\/\/atacamas.cl\/atc\/wp-json\/wp\/v2\/categories?post=402"},{"taxonomy":"post_tag","embeddable":true,"href":"https:\/\/atacamas.cl\/atc\/wp-json\/wp\/v2\/tags?post=402"}],"curies":[{"name":"wp","href":"https:\/\/api.w.org\/{rel}","templated":true}]}}