{"id":406,"date":"2023-06-15T12:23:48","date_gmt":"2023-06-15T12:23:48","guid":{"rendered":"https:\/\/atacamas.cl\/atc\/?p=406"},"modified":"2023-06-15T12:24:38","modified_gmt":"2023-06-15T12:24:38","slug":"copiapo-fiscalia-indaga-causas-de-fallecimiento-de-persona-encontrada-calcinada","status":"publish","type":"post","link":"https:\/\/atacamas.cl\/atc\/copiapo-fiscalia-indaga-causas-de-fallecimiento-de-persona-encontrada-calcinada\/","title":{"rendered":"Copiap\u00f3: Fiscal\u00eda Indaga Causas de Fallecimiento de Persona Encontrada Calcinada"},"content":{"rendered":"\n<p><strong><em>Fiscal jefe de esta ciudad, Christian Gonz\u00e1lez Carriel, se constituy\u00f3 en el lugar junto a personal especializado de la PDI.<\/em><\/strong><\/p>\n\n\n\n<p>La Fiscal\u00eda de Atacama abri\u00f3 ayer una investigaci\u00f3n luego del hallazgo de una persona sin vida en el interior de una camioneta en un sector eriazo ubicado a la salida norte de Copiap\u00f3.<\/p>\n\n\n\n<p>Christian Gonz\u00e1lez, fiscal jefe de Copiap\u00f3, se constituy\u00f3 en el lugar e indic\u00f3 que el hallazgo del veh\u00edculo con un cuerpo calcinado en su interior, lo realiz\u00f3 una persona civil que buscaba a un familiar mediante una se\u00f1al de GPS alrededor de las 19 horas. Esto, luego que esta persona no contestara su tel\u00e9fono celular durante el d\u00eda.<\/p>\n\n\n\n<p>\u201cA partir de este hallazgo la Fiscal\u00eda orden\u00f3 inmediatas diligencias investigativas a la Brigada de Homicidios de la PDI para trabajar el sitio del suceso y as\u00ed reunir evidencia en el lugar que permita establecer la causa del fallecimiento de la persona encontrada y si en \u00e9sta hubo o no intervenci\u00f3n de terceros. Lo que se trabajar\u00e1 adem\u00e1s con pericias que desarrolle el Servicio M\u00e9dico Legal de esta ciudad, mediante diligencias cient\u00edficas\u201d, dijo el fiscal.<\/p>\n\n\n\n<p>Gonz\u00e1lez agreg\u00f3 que se realizar\u00e1n toma de declaraciones y algunas tareas investigativas espec\u00edficas que sirvan para determinar la identidad de la persona fallecida.<\/p>\n\n\n\n<p>Existiendo en esta etapa de la investigaci\u00f3n algunos indicios que podr\u00edan favorecer la identificaci\u00f3n, lo que deber\u00e1 ser confirmado con las diligencias ordenadas por la Fiscal\u00eda.<\/p>\n","protected":false},"excerpt":{"rendered":"<p>Fiscal jefe de esta ciudad, Christian Gonz\u00e1lez Carriel, se constituy\u00f3 en el lugar junto a<\/p>\n","protected":false},"author":2,"featured_media":407,"comment_status":"open","ping_status":"open","sticky":false,"template":"","format":"standard","meta":{"_acf_changed":false,"footnotes":""},"categories":[5],"tags":[],"class_list":["post-406","post","type-post","status-publish","format-standard","has-post-thumbnail","hentry","category-policial"],"acf":[],"_links":{"self":[{"href":"https:\/\/atacamas.cl\/atc\/wp-json\/wp\/v2\/posts\/406","targetHints":{"allow":["GET"]}}],"collection":[{"href":"https:\/\/atacamas.cl\/atc\/wp-json\/wp\/v2\/posts"}],"about":[{"href":"https:\/\/atacamas.cl\/atc\/wp-json\/wp\/v2\/types\/post"}],"author":[{"embeddable":true,"href":"https:\/\/atacamas.cl\/atc\/wp-json\/wp\/v2\/users\/2"}],"replies":[{"embeddable":true,"href":"https:\/\/atacamas.cl\/atc\/wp-json\/wp\/v2\/comments?post=406"}],"version-history":[{"count":0,"href":"https:\/\/atacamas.cl\/atc\/wp-json\/wp\/v2\/posts\/406\/revisions"}],"wp:featuredmedia":[{"embeddable":true,"href":"https:\/\/atacamas.cl\/atc\/wp-json\/wp\/v2\/media\/407"}],"wp:attachment":[{"href":"https:\/\/atacamas.cl\/atc\/wp-json\/wp\/v2\/media?parent=406"}],"wp:term":[{"taxonomy":"category","embeddable":true,"href":"https:\/\/atacamas.cl\/atc\/wp-json\/wp\/v2\/categories?post=406"},{"taxonomy":"post_tag","embeddable":true,"href":"https:\/\/atacamas.cl\/atc\/wp-json\/wp\/v2\/tags?post=406"}],"curies":[{"name":"wp","href":"https:\/\/api.w.org\/{rel}","templated":true}]}}