{"id":422,"date":"2023-06-20T23:43:50","date_gmt":"2023-06-20T23:43:50","guid":{"rendered":"https:\/\/atacamas.cl\/atc\/?p=422"},"modified":"2023-06-20T23:56:41","modified_gmt":"2023-06-20T23:56:41","slug":"copiapo-encuentran-a-persona-fallecida-en-plena-via-publica-en-poblacion-los-volcanes","status":"publish","type":"post","link":"https:\/\/atacamas.cl\/atc\/copiapo-encuentran-a-persona-fallecida-en-plena-via-publica-en-poblacion-los-volcanes\/","title":{"rendered":"Copiap\u00f3: Encuentran a persona fallecida en plena v\u00eda p\u00fablica en poblaci\u00f3n Los Volcanes"},"content":{"rendered":"\n<p><strong><em>Fiscal\u00eda de Atacama maneja la hip\u00f3tesis de homicidio y orden\u00f3 inmediatas diligencias a personal especializado de la PDI.<\/em><\/strong><\/p>\n\n\n\n<p>La Fiscal\u00eda de Atacama orden\u00f3 inmediatas diligencias a personal especializado de la PDI, luego de la muerte de una persona ocurrida la tarde de este martes en Copiap\u00f3.<\/p>\n\n\n\n<p>Hasta el lugar de este hecho se constituy\u00f3 el fiscal adjunto de esta ciudad, Luis Miranda Flores, quien dirigi\u00f3 el trabajo investigativo en el lugar, mientras funcionarios de la Brigada de Homicidios y Laboratorio de Criminal\u00edstica desarrollaron trabajo indagatorio en el lugar, tanto en el cuerpo de la persona fallecida como en el sector a partir de empadronamientos.<\/p>\n\n\n\n<p>\u201cLa Fiscal\u00eda tom\u00f3 conocimiento del hallazgo de una persona en la v\u00eda p\u00fablica, se trata de hombre de 31 a\u00f1os y cuya causa de muerte deber\u00e1 ser establecida por el Servicio M\u00e9dico Legal, pero a partir de los antecedentes recabados se maneja la hip\u00f3tesis de la actuaci\u00f3n de terceras personas en el hecho cuesti\u00f3n que por ahora es materia de la investigaci\u00f3n\u201d, indic\u00f3 Miranda.<\/p>\n\n\n\n<p>Luego de la revisi\u00f3n superficial del cuerpo del fallecido, identificado como Mauricio Cifuentes Araya, se detectaron lesiones cuyo origen ser\u00e1n establecidas con el trabajo de investigaci\u00f3n que se lleve a cabo en este caso. Agregando que hay versiones de testigos respecto de lo ocurrido, lo que deber\u00e1 ser indagado con las diligencias que fueron ordenadas por el Ministerio P\u00fablico.<\/p>\n\n\n\n<p>En el lugar, personal de la Fiscal\u00eda tom\u00f3 contacto con familiares del fallecido cuyos antecedentes ser\u00e1n derivados a la Unidad de Atenci\u00f3n a V\u00edctimas y Testigos de la Fiscal\u00eda Regional.<\/p>\n","protected":false},"excerpt":{"rendered":"<p>Fiscal\u00eda de Atacama maneja la hip\u00f3tesis de homicidio y orden\u00f3 inmediatas diligencias a personal especializado<\/p>\n","protected":false},"author":2,"featured_media":423,"comment_status":"open","ping_status":"open","sticky":false,"template":"","format":"standard","meta":{"_acf_changed":false,"footnotes":""},"categories":[5],"tags":[],"class_list":["post-422","post","type-post","status-publish","format-standard","has-post-thumbnail","hentry","category-policial"],"acf":[],"_links":{"self":[{"href":"https:\/\/atacamas.cl\/atc\/wp-json\/wp\/v2\/posts\/422","targetHints":{"allow":["GET"]}}],"collection":[{"href":"https:\/\/atacamas.cl\/atc\/wp-json\/wp\/v2\/posts"}],"about":[{"href":"https:\/\/atacamas.cl\/atc\/wp-json\/wp\/v2\/types\/post"}],"author":[{"embeddable":true,"href":"https:\/\/atacamas.cl\/atc\/wp-json\/wp\/v2\/users\/2"}],"replies":[{"embeddable":true,"href":"https:\/\/atacamas.cl\/atc\/wp-json\/wp\/v2\/comments?post=422"}],"version-history":[{"count":0,"href":"https:\/\/atacamas.cl\/atc\/wp-json\/wp\/v2\/posts\/422\/revisions"}],"wp:featuredmedia":[{"embeddable":true,"href":"https:\/\/atacamas.cl\/atc\/wp-json\/wp\/v2\/media\/423"}],"wp:attachment":[{"href":"https:\/\/atacamas.cl\/atc\/wp-json\/wp\/v2\/media?parent=422"}],"wp:term":[{"taxonomy":"category","embeddable":true,"href":"https:\/\/atacamas.cl\/atc\/wp-json\/wp\/v2\/categories?post=422"},{"taxonomy":"post_tag","embeddable":true,"href":"https:\/\/atacamas.cl\/atc\/wp-json\/wp\/v2\/tags?post=422"}],"curies":[{"name":"wp","href":"https:\/\/api.w.org\/{rel}","templated":true}]}}