{"id":460,"date":"2023-06-28T16:54:21","date_gmt":"2023-06-28T20:54:21","guid":{"rendered":"https:\/\/atacamas.cl\/atc\/?p=460"},"modified":"2023-06-28T17:00:20","modified_gmt":"2023-06-28T21:00:20","slug":"control-carretero-del-os-7-permite-incautar-mas-de-60-kilos-de-cocaina","status":"publish","type":"post","link":"https:\/\/atacamas.cl\/atc\/control-carretero-del-os-7-permite-incautar-mas-de-60-kilos-de-cocaina\/","title":{"rendered":"Control Carretero del OS-7 Permite Incautar M\u00e1s de 60 kilos de Coca\u00edna"},"content":{"rendered":"\n<p>Bajo la medida cautelar de prisi\u00f3n preventiva quedaron dos imputados, un hombre y una mujer, que fueron detenidos por personal de Carabineros en un control carretero realizado en las cercan\u00edas de Copiap\u00f3.<\/p>\n\n\n\n<p>De acuerdo con los antecedentes proporcionados por el fiscal regional (s) de Atacama, Christian Gonz\u00e1lez, alrededor de las 11:30 horas de este lunes, funcionarios del OS-7 controlaron un veh\u00edculo particular que viajaba con destino al sur del pa\u00eds, cumpliendo dicha labor con el apoyo de un perro detector de droga. \u201cEs importante, para combatir el crimen organizado, la coordinaci\u00f3n entre las instituciones. En este caso hubo un trabajo mancomunado que permiti\u00f3 a Carabineros detectar este traslado de m\u00e1s de 61 kilos de clorhidrato de coca\u00edna en un veh\u00edculo que hab\u00eda sido especialmente acondicionado para este fin, tanto en el sector del piso como detr\u00e1s del tablero\u201d, dijo Gonz\u00e1lez. <\/p>\n\n\n\n<p>Por su parte, el jefe de la Tercera Zona de Carabineros, general Jorge Mu\u00f1oz, indic\u00f3 que en este control el perro detector de droga marc\u00f3 determinados espacios en el interior del m\u00f3vil. \u201cEsto llev\u00f3 a una inspecci\u00f3n m\u00e1s acuciosa de parte de los funcionarios del OS-7 y se determin\u00f3 la existencia de los paquetes contenedores de droga, siendo detenidos dos ciudadanos chilenos ocupantes del auto. Estamos satisfechos con la labor realizada porque el trabajo conjunto con la Fiscal\u00eda nos permite dar un golpe al narcotr\u00e1fico, lo que se encuadra en el Plan Nacional contra el Crimen Organizado lo que adem\u00e1s significa un mensaje claro respecto de los despliegues en nuestra regi\u00f3n para combatir este tipo de delitos\u201d, dijo. <\/p>\n\n\n\n<p>FORMALIZACI\u00d3N<\/p>\n\n\n\n<p>Respecto de la situaci\u00f3n de ambos detenidos, el fiscal Gonz\u00e1lez inform\u00f3 que ambos fueron formalizados por su participaci\u00f3n en el delito de tr\u00e1fico il\u00edcito de droga quienes quedaron bajo la medida cautelar de prisi\u00f3n preventiva en la c\u00e1rcel de Copiap\u00f3.<\/p>\n\n\n\n<p>\u201cLa Fiscal\u00eda pedir\u00e1 en este caso y en todos aquellos referidos al tr\u00e1fico las m\u00e1ximas penas posibles que la Ley establece y que en estos casos llegan a los 20 a\u00f1os de c\u00e1rcel\u201d, concluy\u00f3 el fiscal.<\/p>\n","protected":false},"excerpt":{"rendered":"<p>Bajo la medida cautelar de prisi\u00f3n preventiva quedaron dos imputados, un hombre y una mujer,<\/p>\n","protected":false},"author":2,"featured_media":462,"comment_status":"open","ping_status":"open","sticky":false,"template":"","format":"standard","meta":{"_acf_changed":false,"footnotes":""},"categories":[5],"tags":[],"class_list":["post-460","post","type-post","status-publish","format-standard","has-post-thumbnail","hentry","category-policial"],"acf":[],"_links":{"self":[{"href":"https:\/\/atacamas.cl\/atc\/wp-json\/wp\/v2\/posts\/460","targetHints":{"allow":["GET"]}}],"collection":[{"href":"https:\/\/atacamas.cl\/atc\/wp-json\/wp\/v2\/posts"}],"about":[{"href":"https:\/\/atacamas.cl\/atc\/wp-json\/wp\/v2\/types\/post"}],"author":[{"embeddable":true,"href":"https:\/\/atacamas.cl\/atc\/wp-json\/wp\/v2\/users\/2"}],"replies":[{"embeddable":true,"href":"https:\/\/atacamas.cl\/atc\/wp-json\/wp\/v2\/comments?post=460"}],"version-history":[{"count":0,"href":"https:\/\/atacamas.cl\/atc\/wp-json\/wp\/v2\/posts\/460\/revisions"}],"wp:featuredmedia":[{"embeddable":true,"href":"https:\/\/atacamas.cl\/atc\/wp-json\/wp\/v2\/media\/462"}],"wp:attachment":[{"href":"https:\/\/atacamas.cl\/atc\/wp-json\/wp\/v2\/media?parent=460"}],"wp:term":[{"taxonomy":"category","embeddable":true,"href":"https:\/\/atacamas.cl\/atc\/wp-json\/wp\/v2\/categories?post=460"},{"taxonomy":"post_tag","embeddable":true,"href":"https:\/\/atacamas.cl\/atc\/wp-json\/wp\/v2\/tags?post=460"}],"curies":[{"name":"wp","href":"https:\/\/api.w.org\/{rel}","templated":true}]}}