{"id":463,"date":"2023-06-28T17:52:29","date_gmt":"2023-06-28T21:52:29","guid":{"rendered":"https:\/\/atacamas.cl\/atc\/?p=463"},"modified":"2023-06-28T17:52:29","modified_gmt":"2023-06-28T21:52:29","slug":"fiscalia-y-pdi-trabajan-para-establecer-circunstancias-de-fallecimiento-de-dos-personas-en-copiapo","status":"publish","type":"post","link":"https:\/\/atacamas.cl\/atc\/fiscalia-y-pdi-trabajan-para-establecer-circunstancias-de-fallecimiento-de-dos-personas-en-copiapo\/","title":{"rendered":"Fiscal\u00eda y PDI trabajan para establecer circunstancias de fallecimiento de dos personas en Copiap\u00f3"},"content":{"rendered":"\n<p>La Fiscal\u00eda de Atacama y personal de la Brigada de Homicidios de la PDI se encuentran trabajando para establecer las circunstancias que derivaron en la muerte de dos personas en Copiap\u00f3.<\/p>\n\n\n\n<p>De acuerdo con los antecedentes a\u00fan preliminares de este hecho, alrededor de las 14:00 horas dos hombres adultos de nacionalidad extranjera fueron trasladados hasta el servicio de urgencia del Hospital Regional, lugar en que personal m\u00e9dico de turno constat\u00f3 su fallecimiento.<\/p>\n\n\n\n<p>A partir de esto, la Fiscal\u00eda Local de Copiap\u00f3 orden\u00f3 diligencias investigativas a personal de la Brigada de Homicidios y Laboratorio de Criminal\u00edstica de la PDI a fin de recabar antecedentes y evidencia para ser incorporada a la carpeta investigativa de este caso.<\/p>\n\n\n\n<p>Mientras se encuentran en desarrollo otras tareas investigativas destinadas a establecer la din\u00e1mica en que se originaron las lesiones a bala que presentan ambos cuerpos.<\/p>\n\n\n\n<p>Respecto de este hecho, el jefe de la Brigada de Homicidios de PDI, subprefecto M\u00e1ximo Henr\u00edquez, indic\u00f3 que se est\u00e1n realizando distintas diligencias como entrevista a personas y otras destinadas a reunir informaci\u00f3n respecto de los autores de este delito. \u201cA\u00fan se indaga la cantidad de involucrados que participaron de este hecho para lo cual funcionarios de esta Brigada est\u00e1n realizando el trabajo investigativo. Ambas personas fallecidas se encontraban en la misma propiedad en el sector de tomas de la ciudad, mientras que la causa definitiva de la muerte deber\u00e1 ser establecida con la autopsia que desarrolle el Servicio M\u00e9dico Legal\u201d.<\/p>\n","protected":false},"excerpt":{"rendered":"<p>La Fiscal\u00eda de Atacama y personal de la Brigada de Homicidios de la PDI se<\/p>\n","protected":false},"author":2,"featured_media":464,"comment_status":"open","ping_status":"open","sticky":false,"template":"","format":"standard","meta":{"_acf_changed":false,"footnotes":""},"categories":[5],"tags":[],"class_list":["post-463","post","type-post","status-publish","format-standard","has-post-thumbnail","hentry","category-policial"],"acf":[],"_links":{"self":[{"href":"https:\/\/atacamas.cl\/atc\/wp-json\/wp\/v2\/posts\/463","targetHints":{"allow":["GET"]}}],"collection":[{"href":"https:\/\/atacamas.cl\/atc\/wp-json\/wp\/v2\/posts"}],"about":[{"href":"https:\/\/atacamas.cl\/atc\/wp-json\/wp\/v2\/types\/post"}],"author":[{"embeddable":true,"href":"https:\/\/atacamas.cl\/atc\/wp-json\/wp\/v2\/users\/2"}],"replies":[{"embeddable":true,"href":"https:\/\/atacamas.cl\/atc\/wp-json\/wp\/v2\/comments?post=463"}],"version-history":[{"count":0,"href":"https:\/\/atacamas.cl\/atc\/wp-json\/wp\/v2\/posts\/463\/revisions"}],"wp:featuredmedia":[{"embeddable":true,"href":"https:\/\/atacamas.cl\/atc\/wp-json\/wp\/v2\/media\/464"}],"wp:attachment":[{"href":"https:\/\/atacamas.cl\/atc\/wp-json\/wp\/v2\/media?parent=463"}],"wp:term":[{"taxonomy":"category","embeddable":true,"href":"https:\/\/atacamas.cl\/atc\/wp-json\/wp\/v2\/categories?post=463"},{"taxonomy":"post_tag","embeddable":true,"href":"https:\/\/atacamas.cl\/atc\/wp-json\/wp\/v2\/tags?post=463"}],"curies":[{"name":"wp","href":"https:\/\/api.w.org\/{rel}","templated":true}]}}