{"id":466,"date":"2023-06-29T14:46:16","date_gmt":"2023-06-29T18:46:16","guid":{"rendered":"https:\/\/atacamas.cl\/atc\/?p=466"},"modified":"2023-06-29T14:46:16","modified_gmt":"2023-06-29T18:46:16","slug":"core-atacama-aprueba-programa-que-permitira-monitorear-al-guanaco-del-norte","status":"publish","type":"post","link":"https:\/\/atacamas.cl\/atc\/core-atacama-aprueba-programa-que-permitira-monitorear-al-guanaco-del-norte\/","title":{"rendered":"Core Atacama Aprueba Programa que Permitir\u00e1 Monitorear al Guanaco del Norte"},"content":{"rendered":"\n<p>De forma un\u00e1nime el Consejo Regional, en su sesi\u00f3n n\u00famero 12 del a\u00f1o en curso, aprob\u00f3 el programa de \u201ctransferencia y generaci\u00f3n de conocimientos para conservaci\u00f3n del guanaco del norte\u201d, por 900 millones de pesos, que permitir\u00e1 a la Corporaci\u00f3n Nacional Forestal, CONAF, monitorear y concientizar respecto a la importancia de proteger a esta especie en estado vulnerable.<\/p>\n\n\n\n<p>Este proyecto fue presentado por los profesionales de CONAF al ministerio de Desarrollo Social y Familia, quien luego de revisarlo, lo envi\u00f3 a la Divisi\u00f3n de Planificaci\u00f3n y Desarrollo del Gobierno Regional, DIPLADE, entidad que lo recomend\u00f3 t\u00e9cnicamente al Consejo Regional.<\/p>\n\n\n\n<p>De acuerdo a lo se\u00f1alado por el secretario regional ministerial de Agricultura, Ricardo Zamora Hidalgo, esta es una gran noticia para resguardar nuestra fauna aut\u00f3ctona, ya que \u201ceste programa nos permitir\u00e1 elaborar y actualizar el plan nacional de conservaci\u00f3n del guanaco del norte, de forma tal de evitar que pase desde el estado vulnerable (que es el actual) al de extinci\u00f3n, algo que obviamente queremos impedir, as\u00ed es que, estamos felices y preparados para enfrentar este nuevo desaf\u00edo\u201d.<\/p>\n\n\n\n<p>Por su parte el jefe de \u00e1reas silvestres protegidas de CONAF, Jorge Carabantes, se\u00f1al\u00f3 que \u201cla ejecuci\u00f3n de este programa permitir\u00e1 trabajar en distintas l\u00edneas de acci\u00f3n, puesto que podremos instalar c\u00e1maras trampas en distintos sectores de la regi\u00f3n y ejecutar un programa de monitoreo satelital del guanaco, para evaluar su movilidad y la concentraci\u00f3n de sus poblaciones. Adem\u00e1s, trabajaremos con la comunidad en acciones de capacitaci\u00f3n, concientizaci\u00f3n y educaci\u00f3n ambiental y acciones de difusi\u00f3n, para poner en valor la importancia de conservar esta especie, entre otras\u201d.<\/p>\n\n\n\n<p>Finalmente, la Directora Regional de CONAF, Sandra Morales mencion\u00f3 que \u201ctras esta aprobaci\u00f3n por parte del Core, en las pr\u00f3ximas semanas firmaremos el convenio mandato entre el Gobierno Regional y CONAF, para su posterior toma raz\u00f3n de la Contralor\u00eda Regional de la Rep\u00fablica, de forma tal de comenzar prontamente con las fases de licitaci\u00f3n y ejecuci\u00f3n del programa\u201d.<\/p>\n","protected":false},"excerpt":{"rendered":"<p>De forma un\u00e1nime el Consejo Regional, en su sesi\u00f3n n\u00famero 12 del a\u00f1o en curso,<\/p>\n","protected":false},"author":2,"featured_media":467,"comment_status":"open","ping_status":"open","sticky":false,"template":"","format":"standard","meta":{"_acf_changed":false,"footnotes":""},"categories":[23],"tags":[],"class_list":["post-466","post","type-post","status-publish","format-standard","has-post-thumbnail","hentry","category-actualidad-regional"],"acf":[],"_links":{"self":[{"href":"https:\/\/atacamas.cl\/atc\/wp-json\/wp\/v2\/posts\/466","targetHints":{"allow":["GET"]}}],"collection":[{"href":"https:\/\/atacamas.cl\/atc\/wp-json\/wp\/v2\/posts"}],"about":[{"href":"https:\/\/atacamas.cl\/atc\/wp-json\/wp\/v2\/types\/post"}],"author":[{"embeddable":true,"href":"https:\/\/atacamas.cl\/atc\/wp-json\/wp\/v2\/users\/2"}],"replies":[{"embeddable":true,"href":"https:\/\/atacamas.cl\/atc\/wp-json\/wp\/v2\/comments?post=466"}],"version-history":[{"count":0,"href":"https:\/\/atacamas.cl\/atc\/wp-json\/wp\/v2\/posts\/466\/revisions"}],"wp:featuredmedia":[{"embeddable":true,"href":"https:\/\/atacamas.cl\/atc\/wp-json\/wp\/v2\/media\/467"}],"wp:attachment":[{"href":"https:\/\/atacamas.cl\/atc\/wp-json\/wp\/v2\/media?parent=466"}],"wp:term":[{"taxonomy":"category","embeddable":true,"href":"https:\/\/atacamas.cl\/atc\/wp-json\/wp\/v2\/categories?post=466"},{"taxonomy":"post_tag","embeddable":true,"href":"https:\/\/atacamas.cl\/atc\/wp-json\/wp\/v2\/tags?post=466"}],"curies":[{"name":"wp","href":"https:\/\/api.w.org\/{rel}","templated":true}]}}