{"id":469,"date":"2023-07-06T19:53:24","date_gmt":"2023-07-06T23:53:24","guid":{"rendered":"https:\/\/atacamas.cl\/atc\/?p=469"},"modified":"2023-07-14T20:29:05","modified_gmt":"2023-07-15T00:29:05","slug":"cuatro-imputados-seran-formalizados-en-copiapo-por-el-delito-de-robo-en-lugar-habitado","status":"publish","type":"post","link":"https:\/\/atacamas.cl\/atc\/cuatro-imputados-seran-formalizados-en-copiapo-por-el-delito-de-robo-en-lugar-habitado\/","title":{"rendered":"Copiap\u00f3: Imputados ser\u00e1n formalizados por delito de robo en lugar habitado"},"content":{"rendered":"\n<p>La Fiscal\u00eda de Atacama comunic\u00f3 que este viernes formalizar\u00e1 a tres hombres y una mujer por su participaci\u00f3n en un delito de robo en lugar habitado, quienes fueron detenidos por personal de Carabineros de Copiap\u00f3.<\/p>\n\n\n\n<p>Los antecedentes preliminares de este caso los entreg\u00f3 el fiscal adjunto de esta ciudad Sebasti\u00e1n Coya, quien indic\u00f3 que luego de la denuncia de las v\u00edctimas el Ministerio P\u00fablico decret\u00f3 las diligencias respectivas, llevando a funcionarios de Carabineros a llevar a cabo distintas tareas indagatorias que permitieron la detenci\u00f3n de cuatro personas, adem\u00e1s de la recuperaci\u00f3n de diversas especies que permanec\u00edan en el veh\u00edculo en el que se desplazaban los involucrados.<\/p>\n\n\n\n<p>\u201cLas v\u00edctimas reconocieron algunas de las especies recuperadas, mientras que otras no eras de su propiedad. Es por este motivo que hacemos un llamado a personas que hayan sido v\u00edctimas de robos en sus domicilios durante la jornada de este mi\u00e9rcoles concurran a dependencias de la Segunda Comisar\u00eda de Carabineros y verificar lo recuperado\u201d, indic\u00f3 el fiscal.<\/p>\n\n\n\n<p><strong><em>FORMALIZACI\u00d3N<\/em><\/strong><\/p>\n\n\n\n<p>El fiscal Coya indic\u00f3 que los detenidos ser\u00e1n presentados este viernes ante el Juzgado de Garant\u00eda de Copiap\u00f3, instancia en que ser\u00e1n formalizados por su participaci\u00f3n en el delito de robo en lugar habitado y donde la Fiscal\u00eda solicitar\u00e1 se aplique respecto de ellos la medida cautelar de prisi\u00f3n preventiva.<\/p>\n","protected":false},"excerpt":{"rendered":"<p>La Fiscal\u00eda de Atacama comunic\u00f3 que este viernes formalizar\u00e1 a tres hombres y una mujer<\/p>\n","protected":false},"author":2,"featured_media":470,"comment_status":"open","ping_status":"open","sticky":false,"template":"","format":"standard","meta":{"_acf_changed":false,"footnotes":""},"categories":[5],"tags":[],"class_list":["post-469","post","type-post","status-publish","format-standard","has-post-thumbnail","hentry","category-policial"],"acf":[],"_links":{"self":[{"href":"https:\/\/atacamas.cl\/atc\/wp-json\/wp\/v2\/posts\/469","targetHints":{"allow":["GET"]}}],"collection":[{"href":"https:\/\/atacamas.cl\/atc\/wp-json\/wp\/v2\/posts"}],"about":[{"href":"https:\/\/atacamas.cl\/atc\/wp-json\/wp\/v2\/types\/post"}],"author":[{"embeddable":true,"href":"https:\/\/atacamas.cl\/atc\/wp-json\/wp\/v2\/users\/2"}],"replies":[{"embeddable":true,"href":"https:\/\/atacamas.cl\/atc\/wp-json\/wp\/v2\/comments?post=469"}],"version-history":[{"count":0,"href":"https:\/\/atacamas.cl\/atc\/wp-json\/wp\/v2\/posts\/469\/revisions"}],"wp:featuredmedia":[{"embeddable":true,"href":"https:\/\/atacamas.cl\/atc\/wp-json\/wp\/v2\/media\/470"}],"wp:attachment":[{"href":"https:\/\/atacamas.cl\/atc\/wp-json\/wp\/v2\/media?parent=469"}],"wp:term":[{"taxonomy":"category","embeddable":true,"href":"https:\/\/atacamas.cl\/atc\/wp-json\/wp\/v2\/categories?post=469"},{"taxonomy":"post_tag","embeddable":true,"href":"https:\/\/atacamas.cl\/atc\/wp-json\/wp\/v2\/tags?post=469"}],"curies":[{"name":"wp","href":"https:\/\/api.w.org\/{rel}","templated":true}]}}