{"id":472,"date":"2023-07-13T13:28:27","date_gmt":"2023-07-13T17:28:27","guid":{"rendered":"https:\/\/atacamas.cl\/atc\/?p=472"},"modified":"2023-07-13T13:28:27","modified_gmt":"2023-07-13T17:28:27","slug":"seremi-de-agricultura-invita-a-participar-en-concurso-de-cuentos-historias-de-nuestra-tierra","status":"publish","type":"post","link":"https:\/\/atacamas.cl\/atc\/seremi-de-agricultura-invita-a-participar-en-concurso-de-cuentos-historias-de-nuestra-tierra\/","title":{"rendered":"Seremi de Agricultura invita a participar en Concurso de Cuentos \u201cHistorias de Nuestra Tierra\u201d"},"content":{"rendered":"\n<p>Hasta el 31 de agosto estar\u00e1 abierta la convocatoria del Concurso de Cuentos \u201cHistorias de Nuestra Tierra\u201d, que cada a\u00f1o organiza el Ministerio de Agricultura, a trav\u00e9s de la Fundaci\u00f3n de Comunicaciones, capacitaci\u00f3n y cultura del Agro (FUCOA)<\/p>\n\n\n\n<p>Este concurso, \u00fanico a nivel nacional, busca dar a conocer tradiciones y costumbres, mitos y leyendas del mundo rural de Chile, a trav\u00e9s de cuentos, poemas y dibujos. Adem\u00e1s de motivar y fomentar la escritura y la lectura; y crear un registro de cuentos, poemas y material visual sobre el mundo rural de distintas zonas chilenas.<\/p>\n\n\n\n<p>De acuerdo con lo se\u00f1alado por el seremi de Agricultura de Atacama, Ricardo Zamora, se puede participar en tres categor\u00edas, ya que \u201ceste cuento est\u00e1 pensado para toda la familia, y es as\u00ed como ni\u00f1os y adultos pueden presentar cuentos y poes\u00edas, en tanto, los ni\u00f1os y j\u00f3venes enviar sus dibujos\u201d.<\/p>\n\n\n\n<p>Los premios para las categor\u00edas Cuento y Poema son nacionales y regionales. A nivel nacional se eligen el primer, segundo y tercer lugar entre todos los primeros lugares regionales. Adem\u00e1s, con solo participar del concurso se postula autom\u00e1ticamente a los siguientes premios especiales: Premio especial Pueblos Originarios, Premio especial Mujer Rural, Premio especial Cocina Tradicional y Premio especial a la Trayectoria.<\/p>\n\n\n\n<p>En tanto, los reconocimientos para Dibujo son nacionales. Se eligen primer, segundo y tercer lugar; adem\u00e1s de premios especiales, seg\u00fan la consideraci\u00f3n del jurado.<\/p>\n\n\n\n<p>\u201cHago un llamado a que todos participen de esta nueva convocatoria de nuestro Concurso de Cuentos, ante cualquier duda pueden llamar a 52 2 219002\u201d puntualiz\u00f3 Ricardo Zamora.<\/p>\n","protected":false},"excerpt":{"rendered":"<p>Hasta el 31 de agosto estar\u00e1 abierta la convocatoria del Concurso de Cuentos \u201cHistorias de<\/p>\n","protected":false},"author":2,"featured_media":473,"comment_status":"open","ping_status":"open","sticky":false,"template":"","format":"standard","meta":{"_acf_changed":false,"footnotes":""},"categories":[22],"tags":[],"class_list":["post-472","post","type-post","status-publish","format-standard","has-post-thumbnail","hentry","category-cultura"],"acf":[],"_links":{"self":[{"href":"https:\/\/atacamas.cl\/atc\/wp-json\/wp\/v2\/posts\/472","targetHints":{"allow":["GET"]}}],"collection":[{"href":"https:\/\/atacamas.cl\/atc\/wp-json\/wp\/v2\/posts"}],"about":[{"href":"https:\/\/atacamas.cl\/atc\/wp-json\/wp\/v2\/types\/post"}],"author":[{"embeddable":true,"href":"https:\/\/atacamas.cl\/atc\/wp-json\/wp\/v2\/users\/2"}],"replies":[{"embeddable":true,"href":"https:\/\/atacamas.cl\/atc\/wp-json\/wp\/v2\/comments?post=472"}],"version-history":[{"count":0,"href":"https:\/\/atacamas.cl\/atc\/wp-json\/wp\/v2\/posts\/472\/revisions"}],"wp:featuredmedia":[{"embeddable":true,"href":"https:\/\/atacamas.cl\/atc\/wp-json\/wp\/v2\/media\/473"}],"wp:attachment":[{"href":"https:\/\/atacamas.cl\/atc\/wp-json\/wp\/v2\/media?parent=472"}],"wp:term":[{"taxonomy":"category","embeddable":true,"href":"https:\/\/atacamas.cl\/atc\/wp-json\/wp\/v2\/categories?post=472"},{"taxonomy":"post_tag","embeddable":true,"href":"https:\/\/atacamas.cl\/atc\/wp-json\/wp\/v2\/tags?post=472"}],"curies":[{"name":"wp","href":"https:\/\/api.w.org\/{rel}","templated":true}]}}