{"id":478,"date":"2023-07-14T20:26:27","date_gmt":"2023-07-15T00:26:27","guid":{"rendered":"https:\/\/atacamas.cl\/atc\/?p=478"},"modified":"2023-07-14T20:29:29","modified_gmt":"2023-07-15T00:29:29","slug":"cuatro-imputados-por-robo-a-centrica-joyeria-de-copiapo","status":"publish","type":"post","link":"https:\/\/atacamas.cl\/atc\/cuatro-imputados-por-robo-a-centrica-joyeria-de-copiapo\/","title":{"rendered":"Cuatro Imputados por Robo a C\u00e9ntrica Joyer\u00eda de Copiap\u00f3"},"content":{"rendered":"\n<p>Bajo la medida cautelar de prisi\u00f3n preventiva quedaron cuatro imputados a quienes la Fiscal\u00eda formaliz\u00f3 por su participaci\u00f3n consumada en el delito de robo que en la madrugada de este jueves afect\u00f3 a una joyer\u00eda en el centro de Copiap\u00f3.<\/p>\n\n\n\n<p>La audiencia de formalizaci\u00f3n se present\u00f3 evidencia de c\u00e1maras de seguridad con las que se acredit\u00f3 la presencia de todos los imputados en el lugar, quienes dividieron funciones respecto de la participaci\u00f3n en consumar el delito y prestar cobertura en la v\u00eda p\u00fablica.<\/p>\n\n\n\n<p>\u201cLos imputados consiguieron sustraer especies desde la joyer\u00eda las que fueron avaluadas en un monto superior a los 14 millones de pesos, algunas de las cuales incluso portaban al momento de su detenci\u00f3n. Todo lo cual fue registrado por las c\u00e1maras de seguridad del mismo local afectado como de otras de comercios vecinos al lugar del delito\u201d, indic\u00f3 Sebasti\u00e1n Coya, fiscal adjunto de Copiap\u00f3.<\/p>\n\n\n\n<p>En la formalizaci\u00f3n la Fiscal\u00eda solicit\u00f3 en contra de todos los imputados que est\u00e1n siendo investigados en esta causa, individualizados como Mario Guardia, Andrew Vergara, Rolando Dabed y Gustavo Suazo, la medida cautelar de prisi\u00f3n preventiva por considerarlos un peligro para la seguridad de la sociedad. Solicitud a la que accedi\u00f3 el Juez de turno, quien dio por acreditado los hechos que se indagan y la participaci\u00f3n de los detenidos. De esta manera orden\u00f3 el ingreso de todos ellos a la c\u00e1rcel de esta ciudad, recinto en que permanecer\u00e1n privados de libertad durante todo el proceso de investigaci\u00f3n de esta causa abierta por el il\u00edcito consumado de robo con fuerza en lugar no habitado.<\/p>\n\n\n\n<p>Durante la audiencia se conoci\u00f3 adem\u00e1s que algunos de los detenidos mantienen antecedentes penales, mientras que otros cuentan con causas vigentes.<\/p>\n","protected":false},"excerpt":{"rendered":"<p>Bajo la medida cautelar de prisi\u00f3n preventiva quedaron cuatro imputados a quienes la Fiscal\u00eda formaliz\u00f3<\/p>\n","protected":false},"author":2,"featured_media":479,"comment_status":"open","ping_status":"open","sticky":false,"template":"","format":"standard","meta":{"_acf_changed":false,"footnotes":""},"categories":[5],"tags":[],"class_list":["post-478","post","type-post","status-publish","format-standard","has-post-thumbnail","hentry","category-policial"],"acf":[],"_links":{"self":[{"href":"https:\/\/atacamas.cl\/atc\/wp-json\/wp\/v2\/posts\/478","targetHints":{"allow":["GET"]}}],"collection":[{"href":"https:\/\/atacamas.cl\/atc\/wp-json\/wp\/v2\/posts"}],"about":[{"href":"https:\/\/atacamas.cl\/atc\/wp-json\/wp\/v2\/types\/post"}],"author":[{"embeddable":true,"href":"https:\/\/atacamas.cl\/atc\/wp-json\/wp\/v2\/users\/2"}],"replies":[{"embeddable":true,"href":"https:\/\/atacamas.cl\/atc\/wp-json\/wp\/v2\/comments?post=478"}],"version-history":[{"count":0,"href":"https:\/\/atacamas.cl\/atc\/wp-json\/wp\/v2\/posts\/478\/revisions"}],"wp:featuredmedia":[{"embeddable":true,"href":"https:\/\/atacamas.cl\/atc\/wp-json\/wp\/v2\/media\/479"}],"wp:attachment":[{"href":"https:\/\/atacamas.cl\/atc\/wp-json\/wp\/v2\/media?parent=478"}],"wp:term":[{"taxonomy":"category","embeddable":true,"href":"https:\/\/atacamas.cl\/atc\/wp-json\/wp\/v2\/categories?post=478"},{"taxonomy":"post_tag","embeddable":true,"href":"https:\/\/atacamas.cl\/atc\/wp-json\/wp\/v2\/tags?post=478"}],"curies":[{"name":"wp","href":"https:\/\/api.w.org\/{rel}","templated":true}]}}