{"id":485,"date":"2023-07-17T11:35:07","date_gmt":"2023-07-17T15:35:07","guid":{"rendered":"https:\/\/atacamas.cl\/atc\/?p=485"},"modified":"2023-07-17T11:35:07","modified_gmt":"2023-07-17T15:35:07","slug":"un-fallecido-tras-volcamiento-al-norte-de-chanaral","status":"publish","type":"post","link":"https:\/\/atacamas.cl\/atc\/un-fallecido-tras-volcamiento-al-norte-de-chanaral\/","title":{"rendered":"Un fallecido tras volcamiento al norte de Cha\u00f1aral"},"content":{"rendered":"\n<p>La Fiscal\u00eda de Atacama orden\u00f3 diligencias investigativas luego de un accidente fatal ocurrido la noche de este domingo al norte de Cha\u00f1aral.<\/p>\n\n\n\n<p>De acuerdo con los antecedentes de este hecho, alrededor de las 23 horas el conductor de un veh\u00edculo particular que circulaba en direcci\u00f3n al sur, por motivos que son materia de investigaci\u00f3n, perdi\u00f3 el control del veh\u00edculo a la altura del kil\u00f3metro 1.021 de la ruta 5 Norte volcando a un costado del camino.<\/p>\n\n\n\n<p>\u201cProducto de este siniestro el conductor del m\u00f3vil sufri\u00f3 heridas de gravedad que ocasionaron su fallecimiento en el lugar\u201d, indic\u00f3 el fiscal (s) Diego Soto quien se constituy\u00f3 en el lugar del accidente.<\/p>\n\n\n\n<p>Luego que la Fiscal\u00eda tom\u00f3 conocimiento de este hecho orden\u00f3 la concurrencia de personal de la Siat de Carabineros para realizar los peritajes de rigor y as\u00ed establecer la din\u00e1mica y causas del volcamiento, adem\u00e1s de la identidad de la persona fallecida.<\/p>\n\n\n\n<p>Junto con ello, se solicit\u00f3 la concurrencia de personal del SML para realizar el levantamiento del cuerpo.<\/p>\n","protected":false},"excerpt":{"rendered":"<p>La Fiscal\u00eda de Atacama orden\u00f3 diligencias investigativas luego de un accidente fatal ocurrido la noche<\/p>\n","protected":false},"author":2,"featured_media":486,"comment_status":"open","ping_status":"open","sticky":false,"template":"","format":"standard","meta":{"_acf_changed":false,"footnotes":""},"categories":[5],"tags":[],"class_list":["post-485","post","type-post","status-publish","format-standard","has-post-thumbnail","hentry","category-policial"],"acf":[],"_links":{"self":[{"href":"https:\/\/atacamas.cl\/atc\/wp-json\/wp\/v2\/posts\/485","targetHints":{"allow":["GET"]}}],"collection":[{"href":"https:\/\/atacamas.cl\/atc\/wp-json\/wp\/v2\/posts"}],"about":[{"href":"https:\/\/atacamas.cl\/atc\/wp-json\/wp\/v2\/types\/post"}],"author":[{"embeddable":true,"href":"https:\/\/atacamas.cl\/atc\/wp-json\/wp\/v2\/users\/2"}],"replies":[{"embeddable":true,"href":"https:\/\/atacamas.cl\/atc\/wp-json\/wp\/v2\/comments?post=485"}],"version-history":[{"count":0,"href":"https:\/\/atacamas.cl\/atc\/wp-json\/wp\/v2\/posts\/485\/revisions"}],"wp:featuredmedia":[{"embeddable":true,"href":"https:\/\/atacamas.cl\/atc\/wp-json\/wp\/v2\/media\/486"}],"wp:attachment":[{"href":"https:\/\/atacamas.cl\/atc\/wp-json\/wp\/v2\/media?parent=485"}],"wp:term":[{"taxonomy":"category","embeddable":true,"href":"https:\/\/atacamas.cl\/atc\/wp-json\/wp\/v2\/categories?post=485"},{"taxonomy":"post_tag","embeddable":true,"href":"https:\/\/atacamas.cl\/atc\/wp-json\/wp\/v2\/tags?post=485"}],"curies":[{"name":"wp","href":"https:\/\/api.w.org\/{rel}","templated":true}]}}