{"id":488,"date":"2023-07-19T11:08:45","date_gmt":"2023-07-19T15:08:45","guid":{"rendered":"https:\/\/atacamas.cl\/atc\/?p=488"},"modified":"2023-07-19T11:10:24","modified_gmt":"2023-07-19T15:10:24","slug":"vallenar-autores-de-abuso-sexual-agravado-fueron-condenados-a-14-y-7-anos-de-presidio","status":"publish","type":"post","link":"https:\/\/atacamas.cl\/atc\/vallenar-autores-de-abuso-sexual-agravado-fueron-condenados-a-14-y-7-anos-de-presidio\/","title":{"rendered":"Vallenar: Autores de abuso sexual agravado fueron condenados a 14 y 7 a\u00f1os de presidio"},"content":{"rendered":"\n<p>El Tribunal de Juicio Oral en lo Penal de Copiap\u00f3 conden\u00f3 este martes 18 de julio a F.A.H.R. y &nbsp;F.P.H.R., a las penas de cumplimiento efectivo de 14 a\u00f1os y 7 a\u00f1os de presidio, respectivamente, en calidad de autores del delito consumado de abuso sexual agravado. El il\u00edcito fue perpetrado en la ciudad de Vallenar, en febrero de 2019.<\/p>\n\n\n\n<p>En fallo un\u00e1nime, el tribunal \u2013integrado por los jueces Adri\u00e1n Reyes (presidente), Rodrigo Cid y Alfonso D\u00edaz (redactor)\u2013 dio por acreditado, m\u00e1s all\u00e1 de toda duda razonable que entre la noche del 20 y la madrugada del 21 de febrero de 2019, en una casa ubicada en la poblaci\u00f3n Hermanos Carrera de Vallenar, los hermanos F.P.H.R. y F.A.H.R. organizaron una fiesta, a la que concurri\u00f3, entre otros, la v\u00edctima con dos amigas.<\/p>\n\n\n\n<p>En dicho contexto, F.P.H.R. ofreci\u00f3 a los asistentes comprimidos supuestamente de clonazepam, procediendo la v\u00edctima a ingerir una pastilla, la que le provoc\u00f3 malestar corporal por lo que la llevaron hasta un dormitorio, se recost\u00f3 sobre&nbsp; una cama, perdiendo absolutamente el conocimiento y control del cuerpo, lo que fue aprovechado por F.A.H.R., quien le efectu\u00f3 actos de connotaci\u00f3n sexual en presencia de su hermano, el cual realiz\u00f3 acciones lascivas sin tocar a la v\u00edctima, actos que, adem\u00e1s, grabaron en video y fotografiaron.<\/p>\n\n\n\n<p>El tribunal impuso, adem\u00e1s, a los hermanos H.R. las accesorias legales de inhabilitaci\u00f3n absoluta perpetua para cargos y oficios p\u00fablicos y derechos pol\u00edticos y la inhabilitaci\u00f3n absoluta para profesiones titulares mientras duren las condenas.<\/p>\n\n\n\n<p>Una vez que el fallo quede ejecutoriado, el tribunal dispuso que se proceda a la toma de muestras biol\u00f3gicas de los sentenciados para determinar sus respectivas huellas gen\u00e9ticas e inclusi\u00f3n en el registro nacional de ADN de condenados.<\/p>\n","protected":false},"excerpt":{"rendered":"<p>El Tribunal de Juicio Oral en lo Penal de Copiap\u00f3 conden\u00f3 este martes 18 de<\/p>\n","protected":false},"author":2,"featured_media":490,"comment_status":"open","ping_status":"open","sticky":false,"template":"","format":"standard","meta":{"_acf_changed":false,"footnotes":""},"categories":[5],"tags":[],"class_list":["post-488","post","type-post","status-publish","format-standard","has-post-thumbnail","hentry","category-policial"],"acf":[],"_links":{"self":[{"href":"https:\/\/atacamas.cl\/atc\/wp-json\/wp\/v2\/posts\/488","targetHints":{"allow":["GET"]}}],"collection":[{"href":"https:\/\/atacamas.cl\/atc\/wp-json\/wp\/v2\/posts"}],"about":[{"href":"https:\/\/atacamas.cl\/atc\/wp-json\/wp\/v2\/types\/post"}],"author":[{"embeddable":true,"href":"https:\/\/atacamas.cl\/atc\/wp-json\/wp\/v2\/users\/2"}],"replies":[{"embeddable":true,"href":"https:\/\/atacamas.cl\/atc\/wp-json\/wp\/v2\/comments?post=488"}],"version-history":[{"count":0,"href":"https:\/\/atacamas.cl\/atc\/wp-json\/wp\/v2\/posts\/488\/revisions"}],"wp:featuredmedia":[{"embeddable":true,"href":"https:\/\/atacamas.cl\/atc\/wp-json\/wp\/v2\/media\/490"}],"wp:attachment":[{"href":"https:\/\/atacamas.cl\/atc\/wp-json\/wp\/v2\/media?parent=488"}],"wp:term":[{"taxonomy":"category","embeddable":true,"href":"https:\/\/atacamas.cl\/atc\/wp-json\/wp\/v2\/categories?post=488"},{"taxonomy":"post_tag","embeddable":true,"href":"https:\/\/atacamas.cl\/atc\/wp-json\/wp\/v2\/tags?post=488"}],"curies":[{"name":"wp","href":"https:\/\/api.w.org\/{rel}","templated":true}]}}