{"id":494,"date":"2023-07-23T14:53:12","date_gmt":"2023-07-23T18:53:12","guid":{"rendered":"https:\/\/atacamas.cl\/atc\/?p=494"},"modified":"2023-07-23T14:54:58","modified_gmt":"2023-07-23T18:54:58","slug":"alto-del-carmen-alerta-roja-y-evacuacion-por-incendio-forestal-en-el-sombrio-y-algodon","status":"publish","type":"post","link":"https:\/\/atacamas.cl\/atc\/alto-del-carmen-alerta-roja-y-evacuacion-por-incendio-forestal-en-el-sombrio-y-algodon\/","title":{"rendered":"Alto del Carmen: Alerta Roja y Evacuaci\u00f3n por Incendio Forestal en El Sombr\u00edo y Algod\u00f3n"},"content":{"rendered":"\n<p>Debido a un incendio forestal que se registra en los sectores de El Sombr\u00edo y Algod\u00f3n en la comuna de Alto del Carmen, SENAPRED solicit\u00f3 la evacuaci\u00f3n de estos sectores.<\/p>\n\n\n\n<p>A trav\u00e9s del Sistema de Alerta de Emergencia (SAE), se inform\u00f3 a las personas para que procedan con la evacuaci\u00f3n preventiva.<\/p>\n\n\n\n<p>Desde esta ma\u00f1ana Bomberos trabaja intensamente en el lugar.<\/p>\n","protected":false},"excerpt":{"rendered":"<p>Imagen\/ Municipalidad de Alto del Carmen<\/p>\n","protected":false},"author":2,"featured_media":495,"comment_status":"open","ping_status":"open","sticky":false,"template":"","format":"standard","meta":{"_acf_changed":false,"footnotes":""},"categories":[14],"tags":[],"class_list":["post-494","post","type-post","status-publish","format-standard","has-post-thumbnail","hentry","category-breakingnews"],"acf":[],"_links":{"self":[{"href":"https:\/\/atacamas.cl\/atc\/wp-json\/wp\/v2\/posts\/494","targetHints":{"allow":["GET"]}}],"collection":[{"href":"https:\/\/atacamas.cl\/atc\/wp-json\/wp\/v2\/posts"}],"about":[{"href":"https:\/\/atacamas.cl\/atc\/wp-json\/wp\/v2\/types\/post"}],"author":[{"embeddable":true,"href":"https:\/\/atacamas.cl\/atc\/wp-json\/wp\/v2\/users\/2"}],"replies":[{"embeddable":true,"href":"https:\/\/atacamas.cl\/atc\/wp-json\/wp\/v2\/comments?post=494"}],"version-history":[{"count":0,"href":"https:\/\/atacamas.cl\/atc\/wp-json\/wp\/v2\/posts\/494\/revisions"}],"wp:featuredmedia":[{"embeddable":true,"href":"https:\/\/atacamas.cl\/atc\/wp-json\/wp\/v2\/media\/495"}],"wp:attachment":[{"href":"https:\/\/atacamas.cl\/atc\/wp-json\/wp\/v2\/media?parent=494"}],"wp:term":[{"taxonomy":"category","embeddable":true,"href":"https:\/\/atacamas.cl\/atc\/wp-json\/wp\/v2\/categories?post=494"},{"taxonomy":"post_tag","embeddable":true,"href":"https:\/\/atacamas.cl\/atc\/wp-json\/wp\/v2\/tags?post=494"}],"curies":[{"name":"wp","href":"https:\/\/api.w.org\/{rel}","templated":true}]}}