{"id":498,"date":"2023-07-27T16:44:05","date_gmt":"2023-07-27T20:44:05","guid":{"rendered":"https:\/\/atacamas.cl\/atc\/?p=498"},"modified":"2023-07-27T16:46:17","modified_gmt":"2023-07-27T20:46:17","slug":"diego-de-almagro-fiscalia-obtuvo-prision-preventiva-de-conductor-por-distintos-delitos","status":"publish","type":"post","link":"https:\/\/atacamas.cl\/atc\/diego-de-almagro-fiscalia-obtuvo-prision-preventiva-de-conductor-por-distintos-delitos\/","title":{"rendered":"Diego de Almagro: Fiscal\u00eda obtuvo prisi\u00f3n preventiva de conductor por distintos delitos"},"content":{"rendered":"\n<p><strong><em>Carabineros sorprendi\u00f3 al imputado conduciendo un veh\u00edculo que manten\u00eda encargo por robo.<\/em><\/strong><\/p>\n\n\n\n<p>Bajo la medida cautelar de prisi\u00f3n preventiva qued\u00f3 un imputado formalizado por la Fiscal\u00eda de Atacama en la comuna de Diego de Almagro, en contra de quien se comunicaron cargos por distintos delitos.<\/p>\n\n\n\n<p>La audiencia de formalizaci\u00f3n fue asumida por el fiscal (s) Fernando Pizarro, quien argumento que personal de Carabineros sorprendi\u00f3 al detenido alrededor de las 21 horas a la altura del kil\u00f3metro 35 de la ruta C-15, momento en que se pudo determinar que guiaba el veh\u00edculo bajo los efectos de las drogas.<\/p>\n\n\n\n<p>\u201cLas diligencias desarrolladas en este procedimiento permitieron establecer que el conductor, adem\u00e1s, manten\u00eda una orden de investigaci\u00f3n pendiente del Juzgado de Garant\u00eda de Antofagasta y portaba envoltorios de droga. Junto con ello, en la audiencia la Fiscal\u00eda comunic\u00f3 que el detenido hizo entrega a personal de Carabineros de documentos de circulaci\u00f3n que correspond\u00edan a otro veh\u00edculo\u201d, indic\u00f3 el fiscal.<\/p>\n\n\n\n<p>A partir de este nuevo antecedente la Fiscal\u00eda orden\u00f3 el trabajo de la SEBV de Carabineros, unidad especializada que realiz\u00f3 una completa revisi\u00f3n del auto, comprob\u00e1ndose que las placas patentes que usaba correspond\u00edan a otro auto que presentaba encargo por el delito de robo desde junio pasado en la comuna de Providencia en la Regi\u00f3n Metropolitana. Los peritajes determinaron tambi\u00e9n que la camioneta que conduc\u00eda el imputado era robada.<\/p>\n\n\n\n<p>Por estos hechos, el Ministerio P\u00fablico formaliz\u00f3 la investigaci\u00f3n por los delitos de conducci\u00f3n de veh\u00edculo motorizado bajo los efectos de sustancias estupefacientes, manejo de veh\u00edculo con patentes de otro m\u00f3vil, receptaci\u00f3n de veh\u00edculo motorizado, adem\u00e1s del porte de droga. Hechos por los que se solicit\u00f3 la prisi\u00f3n preventiva, medida cautelar que fue decretada por el Juez de turno en esta comuna.<\/p>\n","protected":false},"excerpt":{"rendered":"<p>Carabineros sorprendi\u00f3 al imputado conduciendo un veh\u00edculo que manten\u00eda encargo por robo. Bajo la medida<\/p>\n","protected":false},"author":2,"featured_media":500,"comment_status":"open","ping_status":"open","sticky":false,"template":"","format":"standard","meta":{"_acf_changed":false,"footnotes":""},"categories":[5],"tags":[],"class_list":["post-498","post","type-post","status-publish","format-standard","has-post-thumbnail","hentry","category-policial"],"acf":[],"_links":{"self":[{"href":"https:\/\/atacamas.cl\/atc\/wp-json\/wp\/v2\/posts\/498","targetHints":{"allow":["GET"]}}],"collection":[{"href":"https:\/\/atacamas.cl\/atc\/wp-json\/wp\/v2\/posts"}],"about":[{"href":"https:\/\/atacamas.cl\/atc\/wp-json\/wp\/v2\/types\/post"}],"author":[{"embeddable":true,"href":"https:\/\/atacamas.cl\/atc\/wp-json\/wp\/v2\/users\/2"}],"replies":[{"embeddable":true,"href":"https:\/\/atacamas.cl\/atc\/wp-json\/wp\/v2\/comments?post=498"}],"version-history":[{"count":0,"href":"https:\/\/atacamas.cl\/atc\/wp-json\/wp\/v2\/posts\/498\/revisions"}],"wp:featuredmedia":[{"embeddable":true,"href":"https:\/\/atacamas.cl\/atc\/wp-json\/wp\/v2\/media\/500"}],"wp:attachment":[{"href":"https:\/\/atacamas.cl\/atc\/wp-json\/wp\/v2\/media?parent=498"}],"wp:term":[{"taxonomy":"category","embeddable":true,"href":"https:\/\/atacamas.cl\/atc\/wp-json\/wp\/v2\/categories?post=498"},{"taxonomy":"post_tag","embeddable":true,"href":"https:\/\/atacamas.cl\/atc\/wp-json\/wp\/v2\/tags?post=498"}],"curies":[{"name":"wp","href":"https:\/\/api.w.org\/{rel}","templated":true}]}}