{"id":505,"date":"2023-07-28T10:54:19","date_gmt":"2023-07-28T14:54:19","guid":{"rendered":"https:\/\/atacamas.cl\/atc\/?p=505"},"modified":"2023-07-28T11:00:35","modified_gmt":"2023-07-28T15:00:35","slug":"corte-suprema-confirma-fallo-que-ordeno-al-fisco-indemnizar-a-mineros-atrapados-en-la-mina-san-jose","status":"publish","type":"post","link":"https:\/\/atacamas.cl\/atc\/corte-suprema-confirma-fallo-que-ordeno-al-fisco-indemnizar-a-mineros-atrapados-en-la-mina-san-jose\/","title":{"rendered":"Corte Suprema confirma fallo que orden\u00f3 al Fisco indemnizar a mineros atrapados en la mina San Jos\u00e9"},"content":{"rendered":"\n<p>La Corte Suprema confirm\u00f3 el fallo que obliga al Estado a pagar una indemnizaci\u00f3n de perjuicios total de $1.240.000.000 a 31 de los 33 mineros que permanecieron atrapados por el derrumbe de la mina San Jos\u00e9 en el a\u00f1o 2010.<\/p>\n\n\n\n<p>La Tercera Sala del m\u00e1ximo tribunal \u2013integrada por los ministros y ministras Sergio Mu\u00f1oz, \u00c1ngela Vivanco, Adelita Ravanales, Mario Carroza y Jean Pierre Matus\u2013 confirm\u00f3 la sentencia pronunciada por el Noveno Juzgado Civil de Santiago, que estableci\u00f3 la falta de servicio de la demandada, por haber incumplido tanto el Servicio Nacional de Geolog\u00eda y Minera (Sernageomin) como la Direcci\u00f3n del Trabajo (DT) el deber de fiscalizar las condiciones de seguridad y laborales de la faena de propiedad de la compa\u00f1\u00eda minera San Esteban Primera.<\/p>\n\n\n\n<p>El fallo plantea que \u201cesta Corte Suprema estima necesario precisar, a mayor abundamiento, que la actividad minera, de manera especial, est\u00e1 sujeta a un r\u00e9gimen de autorizaciones administrativas encomendadas al Servicio Nacional de Geolog\u00eda y Miner\u00eda\u201d.<\/p>\n\n\n\n<p>La indemnizaci\u00f3n ser\u00e1 entregada por concepto de da\u00f1o moral, a 31 de los 33 mineros afectados, debido a que dos de ellos no fueron parte de la demanda.<\/p>\n","protected":false},"excerpt":{"rendered":"<p>Imagen\/Ingreso Mina San Jos\u00e9, septiembre de 2010<\/p>\n","protected":false},"author":2,"featured_media":507,"comment_status":"open","ping_status":"open","sticky":false,"template":"","format":"standard","meta":{"_acf_changed":false,"footnotes":""},"categories":[32],"tags":[],"class_list":["post-505","post","type-post","status-publish","format-standard","has-post-thumbnail","hentry","category-nacional"],"acf":[],"_links":{"self":[{"href":"https:\/\/atacamas.cl\/atc\/wp-json\/wp\/v2\/posts\/505","targetHints":{"allow":["GET"]}}],"collection":[{"href":"https:\/\/atacamas.cl\/atc\/wp-json\/wp\/v2\/posts"}],"about":[{"href":"https:\/\/atacamas.cl\/atc\/wp-json\/wp\/v2\/types\/post"}],"author":[{"embeddable":true,"href":"https:\/\/atacamas.cl\/atc\/wp-json\/wp\/v2\/users\/2"}],"replies":[{"embeddable":true,"href":"https:\/\/atacamas.cl\/atc\/wp-json\/wp\/v2\/comments?post=505"}],"version-history":[{"count":0,"href":"https:\/\/atacamas.cl\/atc\/wp-json\/wp\/v2\/posts\/505\/revisions"}],"wp:featuredmedia":[{"embeddable":true,"href":"https:\/\/atacamas.cl\/atc\/wp-json\/wp\/v2\/media\/507"}],"wp:attachment":[{"href":"https:\/\/atacamas.cl\/atc\/wp-json\/wp\/v2\/media?parent=505"}],"wp:term":[{"taxonomy":"category","embeddable":true,"href":"https:\/\/atacamas.cl\/atc\/wp-json\/wp\/v2\/categories?post=505"},{"taxonomy":"post_tag","embeddable":true,"href":"https:\/\/atacamas.cl\/atc\/wp-json\/wp\/v2\/tags?post=505"}],"curies":[{"name":"wp","href":"https:\/\/api.w.org\/{rel}","templated":true}]}}