{"id":510,"date":"2023-07-31T21:04:56","date_gmt":"2023-08-01T01:04:56","guid":{"rendered":"https:\/\/atacamas.cl\/atc\/?p=510"},"modified":"2023-07-31T21:04:57","modified_gmt":"2023-08-01T01:04:57","slug":"codelco-y-rio-tinto-exploraran-yacimiento-de-cobre-cerca-de-potrerillos","status":"publish","type":"post","link":"https:\/\/atacamas.cl\/atc\/codelco-y-rio-tinto-exploraran-yacimiento-de-cobre-cerca-de-potrerillos\/","title":{"rendered":"Codelco y Rio Tinto explorar\u00e1n yacimiento de cobre cerca de Potrerillos"},"content":{"rendered":"\n<p><strong><em>El proyecto se ubica a 10 kil\u00f3metros al sureste de Potrerillos, en la comuna de Diego de Almagro y busca generar nuevo cobre para el planeta.<\/em><\/strong><\/p>\n\n\n\n<p>La minera Rio Tinto y Codelco ser\u00e1n socios en Agua de la Falda S.A. (\u201cADLF\u201d), en la que realizar\u00e1n trabajos para explorar y desarrollar un proyecto de cobre en la Regi\u00f3n de Atacama, luego de que la primera le comprara a PanAmerican Silver su 57,74% de participaci\u00f3n en ADLF.<\/p>\n\n\n\n<p>Codelco posee 42,26% en ADLF, sociedad que se constituy\u00f3 en julio de 1996 con foco principal en la prospecci\u00f3n, exploraci\u00f3n, explotaci\u00f3n y comercializaci\u00f3n de proyectos de oro y otros minerales preciosos. Por esta raz\u00f3n, hasta ahora las pertenencias mineras de ADLF han sido exploradas y desarrolladas en busca de metales preciosos, especialmente oro, no habiendo sido objeto de b\u00fasqueda con foco en cobre por m\u00e1s de 25 a\u00f1os.<\/p>\n\n\n\n<p>Los an\u00e1lisis tanto de Codelco como de Rio Tinto \u2014el segundo conglomerado minero m\u00e1s grande del mundo, presente en 35 pa\u00edses, entre ellos, Chile, donde es accionista de Escondida\u2014 indican que existe un potencial de exploraci\u00f3n interesante para descubrir yacimientos de cobre, lo que ser\u00e1 el nuevo y principal foco de atenci\u00f3n de ADLF.<\/p>\n\n\n\n<p>La sociedad entre Codelco y Rio Tinto se sentar\u00e1 sobre las bases del acuerdo de colaboraci\u00f3n en miner\u00eda subterr\u00e1nea firmado en octubre de 2022, en el que ambas empresas asumieron el compromiso de compartir las mejores pr\u00e1cticas y acelerar las innovaciones para satisfacer la creciente demanda de cobre, tanto en cantidad como en calidad, de acuerdo con los criterios medioambientales, sociales y de gobernanza.<\/p>\n","protected":false},"excerpt":{"rendered":"<p>El proyecto se ubica a 10 kil\u00f3metros al sureste de Potrerillos, en la comuna de<\/p>\n","protected":false},"author":2,"featured_media":511,"comment_status":"open","ping_status":"open","sticky":false,"template":"","format":"standard","meta":{"_acf_changed":false,"footnotes":""},"categories":[23],"tags":[],"class_list":["post-510","post","type-post","status-publish","format-standard","has-post-thumbnail","hentry","category-actualidad-regional"],"acf":[],"_links":{"self":[{"href":"https:\/\/atacamas.cl\/atc\/wp-json\/wp\/v2\/posts\/510","targetHints":{"allow":["GET"]}}],"collection":[{"href":"https:\/\/atacamas.cl\/atc\/wp-json\/wp\/v2\/posts"}],"about":[{"href":"https:\/\/atacamas.cl\/atc\/wp-json\/wp\/v2\/types\/post"}],"author":[{"embeddable":true,"href":"https:\/\/atacamas.cl\/atc\/wp-json\/wp\/v2\/users\/2"}],"replies":[{"embeddable":true,"href":"https:\/\/atacamas.cl\/atc\/wp-json\/wp\/v2\/comments?post=510"}],"version-history":[{"count":0,"href":"https:\/\/atacamas.cl\/atc\/wp-json\/wp\/v2\/posts\/510\/revisions"}],"wp:featuredmedia":[{"embeddable":true,"href":"https:\/\/atacamas.cl\/atc\/wp-json\/wp\/v2\/media\/511"}],"wp:attachment":[{"href":"https:\/\/atacamas.cl\/atc\/wp-json\/wp\/v2\/media?parent=510"}],"wp:term":[{"taxonomy":"category","embeddable":true,"href":"https:\/\/atacamas.cl\/atc\/wp-json\/wp\/v2\/categories?post=510"},{"taxonomy":"post_tag","embeddable":true,"href":"https:\/\/atacamas.cl\/atc\/wp-json\/wp\/v2\/tags?post=510"}],"curies":[{"name":"wp","href":"https:\/\/api.w.org\/{rel}","templated":true}]}}