{"id":513,"date":"2023-07-31T21:09:00","date_gmt":"2023-08-01T01:09:00","guid":{"rendered":"https:\/\/atacamas.cl\/atc\/?p=513"},"modified":"2023-08-02T21:29:46","modified_gmt":"2023-08-03T01:29:46","slug":"encuentro-conecta-atacama-congrego-a-importantes-actores-del-agro","status":"publish","type":"post","link":"https:\/\/atacamas.cl\/atc\/encuentro-conecta-atacama-congrego-a-importantes-actores-del-agro\/","title":{"rendered":"Encuentro Conecta Atacama congreg\u00f3 a importantes actores del Agro"},"content":{"rendered":"\n<p>M\u00e1s de 40 asistentes se reunieron en el Encuentro Conecta Regi\u00f3n de Atacama, instancia de networking que permite la creaci\u00f3n de redes de apoyo para dinamizar y potenciar los ecosistemas regionales de innovaci\u00f3n en el agro.<\/p>\n\n\n\n<p>La actividad en la cual participaron m\u00e1s de 40 personas- cont\u00f3 con la presencia del Seremi de Agricultura, Ricardo Zamora, quien destac\u00f3 que \u201cen este taller se generaron oportunidades, para que nuestros productores ap\u00edcolas se asocien y as\u00ed potencien su actividad productiva. Como Gobierno queremos apoyar el desarrollo de la agricultura familiar campesina y estas instancias nos permiten avanzar en esa l\u00ednea\u201d.<\/p>\n\n\n\n<p>Por su parte, la Representante Regional de FIA, Wanda Garc\u00eda, se\u00f1al\u00f3 que \u201cen este encuentro participaron productoras y productores, representantes del sector p\u00fablico y privado, j\u00f3venes y diversos actores que buscan que el sector silvoagropecuario de la Regi\u00f3n de Atacama se siga potenciando a trav\u00e9s de esta instancia de conexi\u00f3n y de colaboraci\u00f3n\u201d.<\/p>\n\n\n\n<p><strong>Experiencia de innovaci\u00f3n<\/strong><\/p>\n\n\n\n<p>En esta ocasi\u00f3n se present\u00f3 el caso de inspiraci\u00f3n de la cooperativa ap\u00edcola, ApiHuasco, cuyos socios generan una apicultura de tradici\u00f3n familiar, actividad que aporta a la biodiversidad y a la polinizaci\u00f3n en la cuenca del r\u00edo Huasco, desde Alto del Carmen hasta Huasco.<\/p>\n\n\n\n<p>En este sentido, Yahir Rojas representante de la Cooperativa ApiHuasco, coment\u00f3 que \u201cpudimos entregar conocimientos y avances en base a lograr un objetivo com\u00fan y fue una gran posibilidad para que diversos actores se conectaran con centros tecnol\u00f3gicos y actores del sector p\u00fablico\u201d.<\/p>\n\n\n\n<p>Mientras que la criancera innovadora, Paula Riquelme, qui\u00e9n durante el a\u00f1o 2022 obtuvo el reconocimiento regional al Premio mujer innovadora en agricultura, mencion\u00f3 que \u201cestoy muy agradecida por la invitaci\u00f3n, fue excelente el Encuentro Conecta, realizado por FIA, din\u00e1mico y entretenido. Nos hace un llamado innovar, insertando tecnolog\u00edas que nos permitir\u00e1n mejorar enormemente los procesos y m\u00e9todos de producci\u00f3n a ra\u00edz de compartir distintas miradas\u201d.<\/p>\n\n\n\n<p>Para m\u00e1s informaci\u00f3n acerca de los pr\u00f3ximos Encuentros Conecta se invita a visitar la web www.fia.cl.<\/p>\n","protected":false},"excerpt":{"rendered":"<p>M\u00e1s de 40 asistentes se reunieron en el Encuentro Conecta Regi\u00f3n de Atacama, instancia de<\/p>\n","protected":false},"author":2,"featured_media":514,"comment_status":"open","ping_status":"open","sticky":false,"template":"","format":"standard","meta":{"_acf_changed":false,"footnotes":""},"categories":[23],"tags":[],"class_list":["post-513","post","type-post","status-publish","format-standard","has-post-thumbnail","hentry","category-actualidad-regional"],"acf":[],"_links":{"self":[{"href":"https:\/\/atacamas.cl\/atc\/wp-json\/wp\/v2\/posts\/513","targetHints":{"allow":["GET"]}}],"collection":[{"href":"https:\/\/atacamas.cl\/atc\/wp-json\/wp\/v2\/posts"}],"about":[{"href":"https:\/\/atacamas.cl\/atc\/wp-json\/wp\/v2\/types\/post"}],"author":[{"embeddable":true,"href":"https:\/\/atacamas.cl\/atc\/wp-json\/wp\/v2\/users\/2"}],"replies":[{"embeddable":true,"href":"https:\/\/atacamas.cl\/atc\/wp-json\/wp\/v2\/comments?post=513"}],"version-history":[{"count":0,"href":"https:\/\/atacamas.cl\/atc\/wp-json\/wp\/v2\/posts\/513\/revisions"}],"wp:featuredmedia":[{"embeddable":true,"href":"https:\/\/atacamas.cl\/atc\/wp-json\/wp\/v2\/media\/514"}],"wp:attachment":[{"href":"https:\/\/atacamas.cl\/atc\/wp-json\/wp\/v2\/media?parent=513"}],"wp:term":[{"taxonomy":"category","embeddable":true,"href":"https:\/\/atacamas.cl\/atc\/wp-json\/wp\/v2\/categories?post=513"},{"taxonomy":"post_tag","embeddable":true,"href":"https:\/\/atacamas.cl\/atc\/wp-json\/wp\/v2\/tags?post=513"}],"curies":[{"name":"wp","href":"https:\/\/api.w.org\/{rel}","templated":true}]}}