{"id":519,"date":"2023-08-01T22:52:03","date_gmt":"2023-08-02T02:52:03","guid":{"rendered":"https:\/\/atacamas.cl\/atc\/?p=519"},"modified":"2023-08-02T22:53:51","modified_gmt":"2023-08-03T02:53:51","slug":"bus-de-la-justicia-480-atenciones-se-concretaron-en-huasco-caldera-paipote-y-copiapo","status":"publish","type":"post","link":"https:\/\/atacamas.cl\/atc\/bus-de-la-justicia-480-atenciones-se-concretaron-en-huasco-caldera-paipote-y-copiapo\/","title":{"rendered":"Bus de la Justicia: 480 atenciones se concretaron en Huasco, Caldera, Paipote y Copiap\u00f3"},"content":{"rendered":"\n<p>Alrededor de 480 atenciones en terreno en cuatro d\u00edas de funcionamiento desarrollaron tribunales de la jurisdicci\u00f3n de la Corte de Apelaciones de Copiap\u00f3, en el marco del 46\u00ba aniversario del tribunal de alzada.<\/p>\n\n\n\n<p>El trabajo, que consider\u00f3 la participaci\u00f3n del Bus de la Justicia, se inici\u00f3 el lunes 24 de julio en el puerto de Huasco, con el apoyo de funcionarios del Juzgado de Letras y Garant\u00eda de Freirina, de Familia de Vallenar y Garant\u00eda de Vallenar, donde alrededor de 60 usuarios y usuarias efectuaron consultas acerca de sus causas, oportunidad en que los funcionarios y funcionarias \u2013encabezados por el presidente de la corte Pablo Krumm de Almozara\u2013 ofrecieron la orientaci\u00f3n jur\u00eddica.<\/p>\n\n\n\n<p>Esta labor se repiti\u00f3 el martes 25 en Caldera, donde se concretaron alrededor de 100 atenciones gracias al apoyo del Juzgado de Letras y Garant\u00eda del puerto calderino; y el mi\u00e9rcoles 26 en Paipote, con alrededor de 110 atenciones.<\/p>\n\n\n\n<p>En Copiap\u00f3, el jueves 27 se concret\u00f3 una \u201cPlaza de la Justicia\u201d, en la Plaza de Armas de la capital regional, donde con el respaldo de jueces y juezas, unos 25 funcionarios judiciales de distintos tribunales atendieron las inquietudes de m\u00e1s de 210 personas, en stands especialmente equipados para la actividad, junto con el Bus de la Justicia.<\/p>\n\n\n\n<p>El ministro Pablo Krumm expres\u00f3 que \u201cpudimos ayudar a la ciudadan\u00eda con este servicio de orientaci\u00f3n. Atendimos sus requerimientos en cuanto a dudas jur\u00eddicas y la situaci\u00f3n de sus causas, en especial en la materia de Familia, que sin duda fue lo m\u00e1s consultado. Para nosotros fue muy satisfactorio trabajar directamente con las personas\u201d.<\/p>\n\n\n\n<p>El presidente del tribunal de alzada dijo que esperan repetir esta experiencia durante el segundo semestre y ya hay peticiones para efectuar estos operativos judiciales en Barranquilla, Puerto Viejo, Cha\u00f1aral y Vallenar.<\/p>\n","protected":false},"excerpt":{"rendered":"<p>Alrededor de 480 atenciones en terreno en cuatro d\u00edas de funcionamiento desarrollaron tribunales de la<\/p>\n","protected":false},"author":2,"featured_media":520,"comment_status":"open","ping_status":"open","sticky":false,"template":"","format":"standard","meta":{"_acf_changed":false,"footnotes":""},"categories":[23],"tags":[],"class_list":["post-519","post","type-post","status-publish","format-standard","has-post-thumbnail","hentry","category-actualidad-regional"],"acf":[],"_links":{"self":[{"href":"https:\/\/atacamas.cl\/atc\/wp-json\/wp\/v2\/posts\/519","targetHints":{"allow":["GET"]}}],"collection":[{"href":"https:\/\/atacamas.cl\/atc\/wp-json\/wp\/v2\/posts"}],"about":[{"href":"https:\/\/atacamas.cl\/atc\/wp-json\/wp\/v2\/types\/post"}],"author":[{"embeddable":true,"href":"https:\/\/atacamas.cl\/atc\/wp-json\/wp\/v2\/users\/2"}],"replies":[{"embeddable":true,"href":"https:\/\/atacamas.cl\/atc\/wp-json\/wp\/v2\/comments?post=519"}],"version-history":[{"count":0,"href":"https:\/\/atacamas.cl\/atc\/wp-json\/wp\/v2\/posts\/519\/revisions"}],"wp:featuredmedia":[{"embeddable":true,"href":"https:\/\/atacamas.cl\/atc\/wp-json\/wp\/v2\/media\/520"}],"wp:attachment":[{"href":"https:\/\/atacamas.cl\/atc\/wp-json\/wp\/v2\/media?parent=519"}],"wp:term":[{"taxonomy":"category","embeddable":true,"href":"https:\/\/atacamas.cl\/atc\/wp-json\/wp\/v2\/categories?post=519"},{"taxonomy":"post_tag","embeddable":true,"href":"https:\/\/atacamas.cl\/atc\/wp-json\/wp\/v2\/tags?post=519"}],"curies":[{"name":"wp","href":"https:\/\/api.w.org\/{rel}","templated":true}]}}