{"id":526,"date":"2023-08-09T14:12:43","date_gmt":"2023-08-09T18:12:43","guid":{"rendered":"https:\/\/atacamas.cl\/atc\/?p=526"},"modified":"2023-08-14T14:18:05","modified_gmt":"2023-08-14T18:18:05","slug":"trabajador-sufre-descarga-electrica-en-planta-concentradora-de-codelco-salvador","status":"publish","type":"post","link":"https:\/\/atacamas.cl\/atc\/trabajador-sufre-descarga-electrica-en-planta-concentradora-de-codelco-salvador\/","title":{"rendered":"Trabajador sufre descarga el\u00e9ctrica en Planta Concentradora de Codelco Salvador"},"content":{"rendered":"\n<p>En horas de esta tarde, un grave accidente laboral afect\u00f3 a un trabajador de la empresa Echeverr\u00eda Izquierdo, que presta servicios al proyecto Rajo Inca de la Divisi\u00f3n Salvador de Codelco.<\/p>\n\n\n\n<p>Seg\u00fan antecedentes preliminares, mientras se efectuaba intervenci\u00f3n de cables en desuso como parte de labores de Construcci\u00f3n y Montaje de la Planta Concentradora, se produce contacto con energ\u00eda el\u00e9ctrica que afecta a un trabajador.<\/p>\n\n\n\n<p>De inmediato se activaron los protocolos de emergencia y el trabajador fue trasladado al servicio de Urgencia de la Clinica San Lorenzo de El Salvador, donde fue estabilizado y derivado a un centro asistencial de Copiap\u00f3.<\/p>\n\n\n\n<p>Producto de este incidente, al cierre de esta nota la ciudad de El Salvador y alrededores aun se encuentran sin suministro el\u00e9ctrico<\/p>\n","protected":false},"excerpt":{"rendered":"<p>En horas de esta tarde, un grave accidente laboral afect\u00f3 a un trabajador de la<\/p>\n","protected":false},"author":2,"featured_media":527,"comment_status":"open","ping_status":"open","sticky":false,"template":"","format":"standard","meta":{"_acf_changed":false,"footnotes":""},"categories":[23],"tags":[],"class_list":["post-526","post","type-post","status-publish","format-standard","has-post-thumbnail","hentry","category-actualidad-regional"],"acf":[],"_links":{"self":[{"href":"https:\/\/atacamas.cl\/atc\/wp-json\/wp\/v2\/posts\/526","targetHints":{"allow":["GET"]}}],"collection":[{"href":"https:\/\/atacamas.cl\/atc\/wp-json\/wp\/v2\/posts"}],"about":[{"href":"https:\/\/atacamas.cl\/atc\/wp-json\/wp\/v2\/types\/post"}],"author":[{"embeddable":true,"href":"https:\/\/atacamas.cl\/atc\/wp-json\/wp\/v2\/users\/2"}],"replies":[{"embeddable":true,"href":"https:\/\/atacamas.cl\/atc\/wp-json\/wp\/v2\/comments?post=526"}],"version-history":[{"count":0,"href":"https:\/\/atacamas.cl\/atc\/wp-json\/wp\/v2\/posts\/526\/revisions"}],"wp:featuredmedia":[{"embeddable":true,"href":"https:\/\/atacamas.cl\/atc\/wp-json\/wp\/v2\/media\/527"}],"wp:attachment":[{"href":"https:\/\/atacamas.cl\/atc\/wp-json\/wp\/v2\/media?parent=526"}],"wp:term":[{"taxonomy":"category","embeddable":true,"href":"https:\/\/atacamas.cl\/atc\/wp-json\/wp\/v2\/categories?post=526"},{"taxonomy":"post_tag","embeddable":true,"href":"https:\/\/atacamas.cl\/atc\/wp-json\/wp\/v2\/tags?post=526"}],"curies":[{"name":"wp","href":"https:\/\/api.w.org\/{rel}","templated":true}]}}