{"id":529,"date":"2023-08-14T14:26:14","date_gmt":"2023-08-14T18:26:14","guid":{"rendered":"https:\/\/atacamas.cl\/atc\/?p=529"},"modified":"2023-08-14T14:26:14","modified_gmt":"2023-08-14T18:26:14","slug":"grave-volcamiento-en-sector-piedra-colgada-de-copiapo","status":"publish","type":"post","link":"https:\/\/atacamas.cl\/atc\/grave-volcamiento-en-sector-piedra-colgada-de-copiapo\/","title":{"rendered":"Grave volcamiento en sector Piedra Colgada de Copiap\u00f3"},"content":{"rendered":"\n<p>La Fiscal\u00eda de Atacama abri\u00f3 una investigaci\u00f3n luego de un grave accidente carretero ocurrido la madrugada de este lunes en la ruta 5 Norte, lugar en que el volcamiento de un auto particular dej\u00f3 como consecuencia 4 personas lesionadas. Dos de ellas internadas con riesgo vital en el Hospital Regional.<\/p>\n\n\n\n<p>Hasta el lugar del accidente, kil\u00f3metro 825 de la mencionada ruta en el sector de Piedra Colgada, se constituy\u00f3 el fiscal adjunto de Copiap\u00f3, Pedro Pablo Orellana, para dirigir la investigaci\u00f3n de este hecho, realizando un recorrido por el sector junto a personal de la Secci\u00f3n de Investigaci\u00f3n de Accidentes en el Tr\u00e1nsito (Siat) de Carabineros.<\/p>\n\n\n\n<p>\u201cLos antecedentes preliminares de este accidente dan cuenta que alrededor de las 5 de la madrugada y por razones que son materia de investigaci\u00f3n, el conductor de un veh\u00edculo particular que circulaba en direcci\u00f3n al norte perdi\u00f3 el control del m\u00f3vil para luego desviarse hacia el costado izquierdo colisionando con la barrera de contenci\u00f3n\u201d, dijo el fiscal.<\/p>\n\n\n\n<p>Producto de este accidente las cuatro personas ocupantes resultaron lesionadas, dos de ellas con diagn\u00f3stico de riesgo vital.<\/p>\n\n\n\n<p>\u201cSe est\u00e1n realizando las diligencias por parte de la Siat y la SIP de Carabineros para acreditar la participaci\u00f3n del conductor detenido y, eventualmente, la participaci\u00f3n de otros veh\u00edculos en este hecho\u201d, finaliz\u00f3 Orellana.<\/p>\n","protected":false},"excerpt":{"rendered":"<p>La Fiscal\u00eda de Atacama abri\u00f3 una investigaci\u00f3n luego de un grave accidente carretero ocurrido la<\/p>\n","protected":false},"author":2,"featured_media":530,"comment_status":"open","ping_status":"open","sticky":false,"template":"","format":"standard","meta":{"_acf_changed":false,"footnotes":""},"categories":[5],"tags":[],"class_list":["post-529","post","type-post","status-publish","format-standard","has-post-thumbnail","hentry","category-policial"],"acf":[],"_links":{"self":[{"href":"https:\/\/atacamas.cl\/atc\/wp-json\/wp\/v2\/posts\/529","targetHints":{"allow":["GET"]}}],"collection":[{"href":"https:\/\/atacamas.cl\/atc\/wp-json\/wp\/v2\/posts"}],"about":[{"href":"https:\/\/atacamas.cl\/atc\/wp-json\/wp\/v2\/types\/post"}],"author":[{"embeddable":true,"href":"https:\/\/atacamas.cl\/atc\/wp-json\/wp\/v2\/users\/2"}],"replies":[{"embeddable":true,"href":"https:\/\/atacamas.cl\/atc\/wp-json\/wp\/v2\/comments?post=529"}],"version-history":[{"count":0,"href":"https:\/\/atacamas.cl\/atc\/wp-json\/wp\/v2\/posts\/529\/revisions"}],"wp:featuredmedia":[{"embeddable":true,"href":"https:\/\/atacamas.cl\/atc\/wp-json\/wp\/v2\/media\/530"}],"wp:attachment":[{"href":"https:\/\/atacamas.cl\/atc\/wp-json\/wp\/v2\/media?parent=529"}],"wp:term":[{"taxonomy":"category","embeddable":true,"href":"https:\/\/atacamas.cl\/atc\/wp-json\/wp\/v2\/categories?post=529"},{"taxonomy":"post_tag","embeddable":true,"href":"https:\/\/atacamas.cl\/atc\/wp-json\/wp\/v2\/tags?post=529"}],"curies":[{"name":"wp","href":"https:\/\/api.w.org\/{rel}","templated":true}]}}