{"id":532,"date":"2023-08-14T11:16:40","date_gmt":"2023-08-14T15:16:40","guid":{"rendered":"https:\/\/atacamas.cl\/atc\/?p=532"},"modified":"2023-08-16T11:19:08","modified_gmt":"2023-08-16T15:19:08","slug":"corte-de-apelaciones-de-copiapo-organizo-charlas-para-estudiantes-del-liceo-de-musica","status":"publish","type":"post","link":"https:\/\/atacamas.cl\/atc\/corte-de-apelaciones-de-copiapo-organizo-charlas-para-estudiantes-del-liceo-de-musica\/","title":{"rendered":"Corte de Apelaciones de Copiap\u00f3 organiz\u00f3 charlas para estudiantes del Liceo de M\u00fasica"},"content":{"rendered":"\n<p>M\u00e1s de cien alumnos del Liceo de M\u00fasica participaron en tres charlas de difusi\u00f3n acerca del quehacer del Poder Judicial y responsabilidad penal adolescente, actividad desarrollada por la Corte de Apelaciones de Copiap\u00f3.<\/p>\n\n\n\n<p>Los encuentros fueron organizados por el tribunal de alzada en el marco de su 46\u00b0 aniversario, oportunidad en la que el presidente Pablo Krumm de Almozara, adem\u00e1s de dar la bienvenida a los estudiantes, recalc\u00f3 lo importante que resulta vincularse con la comunidad, en particular con los estudiantes.<\/p>\n\n\n\n<p>&#8220;Creemos que es muy relevante que los j\u00f3venes conozcan de primera fuente cu\u00e1l es nuestra labor y tambi\u00e9n se empapen de lo que estipula la ley para los adolescentes en caso de cometer il\u00edcitos. Agradecemos su asistencia y tambi\u00e9n el respeto con que siguieron cada una de las exposiciones&#8221;, dijo.<\/p>\n\n\n\n<p>La primera charla fue para estudiantes de los cuartos medios del establecimiento educacional, oportunidad en que la abogada Ingrid Cort\u00e9s, oficial 2do de la corte copiapina y el periodista de la Direcci\u00f3n de Comunicaciones Cristian Angel se refirieron al proceso penal para los adolescentes y c\u00f3mo se distingue del de los adultos, adem\u00e1s de aspectos relacionados con quehacer de los tribunales de justicia.<\/p>\n\n\n\n<p>La segunda jornada se dirigi\u00f3 a estudiantes de segundo medio y en la ocasi\u00f3n el magistrado del Juzgado de Garant\u00eda de Copiap\u00f3, \u00c1lvaro Fern\u00e1ndez, abord\u00f3 en profundidad la Ley de Responsabilidad Penal Adolescente y la diferencia que existe en el juzgamiento de los imputados cuando son adultos.<\/p>\n\n\n\n<p>Finalmente, en la tercera charla participaron estudiantes de primero medio, que tambi\u00e9n conocieron sobre el quehacer del Poder Judicial y la Ley de Responsabilidad Adolescente en exposiciones de Ingrid Cort\u00e9s y Cristian \u00c1ngel.<\/p>\n\n\n\n<p>Los estudiantes valoraron la posibilidad de conocer visitar el tribunal de alzada y principalmente recibir informaci\u00f3n que puede ser muy valiosa en su formaci\u00f3n como estudiantes y como personas.<\/p>\n\n\n\n<p>&#8220;Fue muy interesante la actividad y creo que deber\u00edan repetirse todos los a\u00f1os&#8221;, manifest\u00f3 el estudiante de segundo medio Mara Mu\u00f1oz.<\/p>\n\n\n\n<p>En tanto, Nelson Olivares, inspector general de ense\u00f1anza media del establecimiento, agradeci\u00f3 la instancia \u201cde entregar esta formaci\u00f3n pedag\u00f3gica, formaci\u00f3n ciudadana pero que tiene un alto valor pedag\u00f3gico sobre lo que significa en concreto el funcionamiento del Poder Judicial y, espec\u00edficamente, en lo que concierne a nuestros estudiantes lo que significa la Ley de Responsabilidad Penal Adolescente\u201d.<\/p>\n","protected":false},"excerpt":{"rendered":"<p>M\u00e1s de cien alumnos del Liceo de M\u00fasica participaron en tres charlas de difusi\u00f3n acerca<\/p>\n","protected":false},"author":2,"featured_media":533,"comment_status":"open","ping_status":"open","sticky":false,"template":"","format":"standard","meta":{"_acf_changed":false,"footnotes":""},"categories":[23],"tags":[],"class_list":["post-532","post","type-post","status-publish","format-standard","has-post-thumbnail","hentry","category-actualidad-regional"],"acf":[],"_links":{"self":[{"href":"https:\/\/atacamas.cl\/atc\/wp-json\/wp\/v2\/posts\/532","targetHints":{"allow":["GET"]}}],"collection":[{"href":"https:\/\/atacamas.cl\/atc\/wp-json\/wp\/v2\/posts"}],"about":[{"href":"https:\/\/atacamas.cl\/atc\/wp-json\/wp\/v2\/types\/post"}],"author":[{"embeddable":true,"href":"https:\/\/atacamas.cl\/atc\/wp-json\/wp\/v2\/users\/2"}],"replies":[{"embeddable":true,"href":"https:\/\/atacamas.cl\/atc\/wp-json\/wp\/v2\/comments?post=532"}],"version-history":[{"count":0,"href":"https:\/\/atacamas.cl\/atc\/wp-json\/wp\/v2\/posts\/532\/revisions"}],"wp:featuredmedia":[{"embeddable":true,"href":"https:\/\/atacamas.cl\/atc\/wp-json\/wp\/v2\/media\/533"}],"wp:attachment":[{"href":"https:\/\/atacamas.cl\/atc\/wp-json\/wp\/v2\/media?parent=532"}],"wp:term":[{"taxonomy":"category","embeddable":true,"href":"https:\/\/atacamas.cl\/atc\/wp-json\/wp\/v2\/categories?post=532"},{"taxonomy":"post_tag","embeddable":true,"href":"https:\/\/atacamas.cl\/atc\/wp-json\/wp\/v2\/tags?post=532"}],"curies":[{"name":"wp","href":"https:\/\/api.w.org\/{rel}","templated":true}]}}