{"id":535,"date":"2023-08-22T17:34:26","date_gmt":"2023-08-22T21:34:26","guid":{"rendered":"https:\/\/atacamas.cl\/atc\/?p=535"},"modified":"2023-08-22T17:34:26","modified_gmt":"2023-08-22T21:34:26","slug":"huasco-fiscalia-formalizo-a-conductor-de-camioneta-que-protagonizo-fatal-accidente","status":"publish","type":"post","link":"https:\/\/atacamas.cl\/atc\/huasco-fiscalia-formalizo-a-conductor-de-camioneta-que-protagonizo-fatal-accidente\/","title":{"rendered":"Huasco: Fiscal\u00eda formaliz\u00f3 a conductor de camioneta que protagoniz\u00f3 fatal accidente"},"content":{"rendered":"\n<p>De acuerdo con los antecedentes contenidos en la carpeta investigativa de esta causa, el imputado present\u00f3 evidencia de alcohol en su cuerpo al momento del siniestro que dej\u00f3 como consecuencia tres v\u00edctimas fatales y un herido de gravedad.<\/p>\n\n\n\n<p>La ma\u00f1ana de este martes la Fiscal\u00eda de Atacama formaliz\u00f3 la investigaci\u00f3n luego del accidente de tr\u00e1nsito ocurrido el pasado fin de semana en que fallecieron tres ocupantes de una camioneta, mientras que un cuarto permanece hospitalizado en estado grave.<\/p>\n\n\n\n<p>La audiencia ante el Juzgado de Garant\u00eda de la comuna de Freirina fue asumida por la fiscal (s), Constanza Ulloa, quien argument\u00f3 que los medios de prueba reunidos en esta etapa inicial de la causa, establecen que alrededor de las 06:30 horas del d\u00eda s\u00e1bado el imputado de 17 a\u00f1os condujo el veh\u00edculo en el que adem\u00e1s viajaban otras cuatro personas, acci\u00f3n que realiz\u00f3 estando en manifiesto estado de ebriedad.<\/p>\n\n\n\n<p>Debido a ello, el conductor perdi\u00f3 el control del veh\u00edculo y colision\u00f3 en contra de un muro ubicado a la altura del kil\u00f3metro 38 de la ruta C-46, ocasionando heridas en todos los pasajeros que derivaron en el fallecimiento de dos j\u00f3venes de 22 y 19 a\u00f1os, adem\u00e1s de una menor de edad de 15 a\u00f1os. Adem\u00e1s, un cuarto ocupante de la camioneta de 17 a\u00f1os sufri\u00f3 lesiones de car\u00e1cter grave.<\/p>\n\n\n\n<p><strong>FORMALIZACION<\/strong><\/p>\n\n\n\n<p>De acuerdo con los antecedentes conocidos en la audiencia, luego del accidente el imputado se alej\u00f3 del lugar de los hechos en un auto particular que lleg\u00f3 al sector, present\u00e1ndose luego de unas horas en el servicio de urgencia del Hospital de Huasco debido a las lesiones sufridas en la violenta colisi\u00f3n. Recinto asistencial en el que fue sometido a las pruebas de rigor, determin\u00e1ndose que conduc\u00eda en manifiesto estado de ebriedad.<\/p>\n\n\n\n<p>Con estos antecedentes la Fiscal\u00eda formaliz\u00f3 la investigaci\u00f3n en contra del conductor por su responsabilidad en los delitos de manejo de conducci\u00f3n en estado de ebriedad sin haber obtenido licencia de conducir con resultado de muerte, adem\u00e1s del il\u00edcito de no dar cuenta a la autoridad respecto de lo ocurrido. Ante ello, la fiscal solicit\u00f3 y obtuvo que el Juez de turno decretara la medida cautelar de internaci\u00f3n provisoria en contra del imputado, quien qued\u00f3 privado de libertad en tanto el plazo de investigaci\u00f3n fue fijado en 90 d\u00edas.<\/p>\n","protected":false},"excerpt":{"rendered":"<p>De acuerdo con los antecedentes contenidos en la carpeta investigativa de esta causa, el imputado<\/p>\n","protected":false},"author":2,"featured_media":536,"comment_status":"open","ping_status":"open","sticky":false,"template":"","format":"standard","meta":{"_acf_changed":false,"footnotes":""},"categories":[5],"tags":[],"class_list":["post-535","post","type-post","status-publish","format-standard","has-post-thumbnail","hentry","category-policial"],"acf":[],"_links":{"self":[{"href":"https:\/\/atacamas.cl\/atc\/wp-json\/wp\/v2\/posts\/535","targetHints":{"allow":["GET"]}}],"collection":[{"href":"https:\/\/atacamas.cl\/atc\/wp-json\/wp\/v2\/posts"}],"about":[{"href":"https:\/\/atacamas.cl\/atc\/wp-json\/wp\/v2\/types\/post"}],"author":[{"embeddable":true,"href":"https:\/\/atacamas.cl\/atc\/wp-json\/wp\/v2\/users\/2"}],"replies":[{"embeddable":true,"href":"https:\/\/atacamas.cl\/atc\/wp-json\/wp\/v2\/comments?post=535"}],"version-history":[{"count":0,"href":"https:\/\/atacamas.cl\/atc\/wp-json\/wp\/v2\/posts\/535\/revisions"}],"wp:featuredmedia":[{"embeddable":true,"href":"https:\/\/atacamas.cl\/atc\/wp-json\/wp\/v2\/media\/536"}],"wp:attachment":[{"href":"https:\/\/atacamas.cl\/atc\/wp-json\/wp\/v2\/media?parent=535"}],"wp:term":[{"taxonomy":"category","embeddable":true,"href":"https:\/\/atacamas.cl\/atc\/wp-json\/wp\/v2\/categories?post=535"},{"taxonomy":"post_tag","embeddable":true,"href":"https:\/\/atacamas.cl\/atc\/wp-json\/wp\/v2\/tags?post=535"}],"curies":[{"name":"wp","href":"https:\/\/api.w.org\/{rel}","templated":true}]}}