{"id":543,"date":"2023-09-11T17:16:40","date_gmt":"2023-09-11T20:16:40","guid":{"rendered":"https:\/\/atacamas.cl\/atc\/?p=543"},"modified":"2023-09-12T17:19:47","modified_gmt":"2023-09-12T20:19:47","slug":"fiscalia-y-seremi-de-justicia-realizan-masiva-jornada-de-capacitacion-respecto-de-ley-21-057","status":"publish","type":"post","link":"https:\/\/atacamas.cl\/atc\/fiscalia-y-seremi-de-justicia-realizan-masiva-jornada-de-capacitacion-respecto-de-ley-21-057\/","title":{"rendered":"Fiscal\u00eda y Seremi de Justicia realizan masiva jornada de capacitaci\u00f3n respecto de Ley 21.057"},"content":{"rendered":"\n<p><strong><em>M\u00e1s de 180 representantes de recintos educacionales participaron de encuentro en que se abord\u00f3 el alcance de esta normativa referida a la Entrevista Investigativa Videograbada a ni\u00f1as, ni\u00f1os y adolescentes v\u00edctimas de delitos graves.<\/em><\/strong><\/p>\n\n\n\n<p>En el marco de la alianza de trabajo entre la Fiscal\u00eda de Atacama y la Seremi de Justicia y Derechos Humanos destinada a masificar la aplicaci\u00f3n y alcance de la Ley 21.057 de Entrevista Investigativa Videograbada a ni\u00f1as, ni\u00f1os y adolescentes v\u00edctimas de delitos graves, m\u00e1s de 180 representantes de recintos educacionales de Copiap\u00f3, Tierra Amarilla, Caldera, Cha\u00f1aral y Diego de Almagro participaron de una activa jornada de capacitaci\u00f3n.<\/p>\n\n\n\n<p>La cita tuvo lugar en la Sala de C\u00e1mara de la capital regional, instancia en que la exposici\u00f3n estuvo a cargo del fiscal adjunto de esta ciudad, Guillermo Z\u00e1rate y la profesional de la Unidad de Atenci\u00f3n a V\u00edctimas y Testigos (Uravit) de la Fiscal\u00eda, Carolina Bianchi, quien adem\u00e1s es Entrevistadora y tiene participaci\u00f3n directa en esta diligencia investigativa.<\/p>\n\n\n\n<p>Respecto de estos encuentros, el seremi de Justicia y DDHH de Atacama, Tom\u00e1s Garay, indic\u00f3 que \u201cdurante el \u00faltimo a\u00f1o hemos desarrollado un trabajo fuerte con la Fiscal\u00eda de Atacama que nos ha permitido realizar este tipo de capacitaciones respecto de la Ley 21.057, lo hicimos con los programas que forman parte de la Red Sename y del Servicio de Protecci\u00f3n Especializado en que pudimos despejar dudas capacitando a funcionarias y funcionarios que desarrollan un trabajo con ni\u00f1as, ni\u00f1os y adolescentes\u201d.<\/p>\n\n\n\n<p>Agregando que en esta oportunidad el objetivo fue la comunidad educativa de las Provincias de Copiap\u00f3 y Cha\u00f1aral en que se pudo aclarar conceptos y fortalecer las herramientas con las que cuentan para resguardar y promover los derechos de NNA.<\/p>\n\n\n\n<p>Por su parte, la jefa de la URAVIT de la Fiscal\u00eda de Atacama, J\u00e9ssica G\u00f3mez Poblete, destac\u00f3 que esta es la segunda actividad de este tipo que se realiza en este a\u00f1o, valorando el inter\u00e9s y la participaci\u00f3n de los asistentes debido a la importancia de esta tem\u00e1tica destinada a velar por las v\u00edctimas NNA afectadas por delitos graves, entre ellos aquellos de \u00edndole sexual. \u201cDe acuerdo a las directrices del Fiscal Regional, Alexis Rogat, realizar estos encuentros es una prioridad institucional. En esta jornada participaron equipos sicosociales, orientadores, docentes y equipos directivos de recintos educacionales frente a la importancia que tiene propiciar la denuncia de las develaciones que se reciben de manera frecuente en los recintos educacionales para que hagan llegar esa informaci\u00f3n a la Fiscal\u00eda y as\u00ed comenzar con el proceso que deriva en la Entrevista Investigativa\u201d, indic\u00f3.<\/p>\n","protected":false},"excerpt":{"rendered":"<p>M\u00e1s de 180 representantes de recintos educacionales participaron de encuentro en que se abord\u00f3 el<\/p>\n","protected":false},"author":2,"featured_media":544,"comment_status":"open","ping_status":"open","sticky":false,"template":"","format":"standard","meta":{"_acf_changed":false,"footnotes":""},"categories":[23],"tags":[],"class_list":["post-543","post","type-post","status-publish","format-standard","has-post-thumbnail","hentry","category-actualidad-regional"],"acf":[],"_links":{"self":[{"href":"https:\/\/atacamas.cl\/atc\/wp-json\/wp\/v2\/posts\/543","targetHints":{"allow":["GET"]}}],"collection":[{"href":"https:\/\/atacamas.cl\/atc\/wp-json\/wp\/v2\/posts"}],"about":[{"href":"https:\/\/atacamas.cl\/atc\/wp-json\/wp\/v2\/types\/post"}],"author":[{"embeddable":true,"href":"https:\/\/atacamas.cl\/atc\/wp-json\/wp\/v2\/users\/2"}],"replies":[{"embeddable":true,"href":"https:\/\/atacamas.cl\/atc\/wp-json\/wp\/v2\/comments?post=543"}],"version-history":[{"count":0,"href":"https:\/\/atacamas.cl\/atc\/wp-json\/wp\/v2\/posts\/543\/revisions"}],"wp:featuredmedia":[{"embeddable":true,"href":"https:\/\/atacamas.cl\/atc\/wp-json\/wp\/v2\/media\/544"}],"wp:attachment":[{"href":"https:\/\/atacamas.cl\/atc\/wp-json\/wp\/v2\/media?parent=543"}],"wp:term":[{"taxonomy":"category","embeddable":true,"href":"https:\/\/atacamas.cl\/atc\/wp-json\/wp\/v2\/categories?post=543"},{"taxonomy":"post_tag","embeddable":true,"href":"https:\/\/atacamas.cl\/atc\/wp-json\/wp\/v2\/tags?post=543"}],"curies":[{"name":"wp","href":"https:\/\/api.w.org\/{rel}","templated":true}]}}